{"id":107763,"date":"2026-04-26T23:40:20","date_gmt":"2026-04-26T20:40:20","guid":{"rendered":"https:\/\/prizrenpost.com\/al\/araghchi-drejt-rusise-per-bisedime-mbi-luften-shba-izrael\/"},"modified":"2026-04-26T23:40:20","modified_gmt":"2026-04-26T20:40:20","slug":"araghchi-drejt-rusise-per-bisedime-mbi-luften-shba-izrael","status":"publish","type":"post","link":"https:\/\/prizrenpost.com\/al\/araghchi-drejt-rusise-per-bisedime-mbi-luften-shba-izrael\/","title":{"rendered":"Araghchi drejt Rusis\u00eb p\u00ebr bisedime mbi luft\u00ebn SHBA-Izrael"},"content":{"rendered":"<figure class=\"post-featured-image\"><img decoding=\"async\" src=\"https:\/\/prizrenpost.com\/al\/wp-content\/uploads\/2026\/04\/aragh-1.jpg\" alt=\"Araghchi drejt Rusis\u00eb p\u00ebr bisedime mbi luft\u00ebn SHBA-Izrael\"\/><\/figure>\n<p>Ministria e Jashtme e Iranit ka konfirmuar se ministri i jasht\u00ebm, Abbas Araghchi, \u00ebsht\u00eb nisur nga Pakistani drejt Rusis\u00eb p\u00ebr nj\u00eb vizit\u00eb zyrtare.<\/p>\n<p>Sipas njoftimit, gjat\u00eb k\u00ebsaj vizite ai do t\u00eb takohet me zyrtar\u00eb t\u00eb lart\u00eb t\u00eb Federat\u00ebs Ruse p\u00ebr t\u00eb diskutuar marr\u00ebdh\u00ebniet dypal\u00ebshe Iran\u2013Rusi, si dhe zhvillimet rajonale dhe nd\u00ebrkomb\u00ebtare, p\u00ebrfshir\u00eb luft\u00ebn mes SHBA-s\u00eb dhe Izraelit.<\/p>\n<p>Araghchi kishte vizituar Pakistanin dy her\u00eb brenda dy dit\u00ebsh, n\u00eb kuad\u00ebr t\u00eb p\u00ebrpjekjeve diplomatike.<\/p>\n<p>Nd\u00ebrkoh\u00eb, shpresat p\u00ebr bisedime t\u00eb drejtp\u00ebrdrejta me zyrtar\u00eb amerikan\u00eb jan\u00eb zbehur pasi presidenti i SHBA-s\u00eb, Donald Trump, anuloi vizit\u00ebn e d\u00ebrguarve t\u00eb tij n\u00eb Islamabad, duke l\u00ebn\u00eb t\u00eb hapur mund\u00ebsin\u00eb q\u00eb kontaktet t\u00eb zhvillohen p\u00ebrmes telefonit. \/mesazhi<\/p>\n<hr style=\"margin:30px 0\"\/>\n<p style=\"font-size:13px;color:#666\">Burimi: <strong>mesazhi<\/strong><\/p>\n","protected":false},"excerpt":{"rendered":"<p>Ministria e Jashtme e Iranit ka konfirmuar se ministri i jasht\u00ebm, Abbas Araghchi, \u00ebsht\u00eb nisur nga Pakistani drejt Rusis\u00eb p\u00ebr nj\u00eb vizit\u00eb zyrtare. Sipas njoftimit, gjat\u00eb k\u00ebsaj vizite ai do t\u00eb takohet me zyrtar\u00eb t\u00eb lart\u00eb t\u00eb Federat\u00ebs Ruse p\u00ebr t\u00eb diskutuar marr\u00ebdh\u00ebniet dypal\u00ebshe Iran\u2013Rusi, si dhe zhvillimet rajonale dhe nd\u00ebrkomb\u00ebtare, p\u00ebrfshir\u00eb luft\u00ebn mes SHBA-s\u00eb [&hellip;]<\/p>\n","protected":false},"author":1,"featured_media":107762,"comment_status":"open","ping_status":"open","sticky":false,"template":"","format":"standard","meta":{"footnotes":""},"categories":[24],"tags":[3803],"class_list":["post-107763","post","type-post","status-publish","format-standard","has-post-thumbnail","hentry","category-bote","tag-aktuale"],"_links":{"self":[{"href":"https:\/\/prizrenpost.com\/al\/wp-json\/wp\/v2\/posts\/107763","targetHints":{"allow":["GET"]}}],"collection":[{"href":"https:\/\/prizrenpost.com\/al\/wp-json\/wp\/v2\/posts"}],"about":[{"href":"https:\/\/prizrenpost.com\/al\/wp-json\/wp\/v2\/types\/post"}],"author":[{"embeddable":true,"href":"https:\/\/prizrenpost.com\/al\/wp-json\/wp\/v2\/users\/1"}],"replies":[{"embeddable":true,"href":"https:\/\/prizrenpost.com\/al\/wp-json\/wp\/v2\/comments?post=107763"}],"version-history":[{"count":0,"href":"https:\/\/prizrenpost.com\/al\/wp-json\/wp\/v2\/posts\/107763\/revisions"}],"wp:featuredmedia":[{"embeddable":true,"href":"https:\/\/prizrenpost.com\/al\/wp-json\/wp\/v2\/media\/107762"}],"wp:attachment":[{"href":"https:\/\/prizrenpost.com\/al\/wp-json\/wp\/v2\/media?parent=107763"}],"wp:term":[{"taxonomy":"category","embeddable":true,"href":"https:\/\/prizrenpost.com\/al\/wp-json\/wp\/v2\/categories?post=107763"},{"taxonomy":"post_tag","embeddable":true,"href":"https:\/\/prizrenpost.com\/al\/wp-json\/wp\/v2\/tags?post=107763"}],"curies":[{"name":"wp","href":"https:\/\/api.w.org\/{rel}","templated":true}]}}