{"id":107765,"date":"2026-04-26T23:40:22","date_gmt":"2026-04-26T20:40:22","guid":{"rendered":"https:\/\/prizrenpost.com\/al\/erdogan-bisede-telefonike-me-trumpin-te-shtenat-ne-darken-e-shtepise-se-bardhe-i-quan-nje-akt-te-urryer\/"},"modified":"2026-04-26T23:40:22","modified_gmt":"2026-04-26T20:40:22","slug":"erdogan-bisede-telefonike-me-trumpin-te-shtenat-ne-darken-e-shtepise-se-bardhe-i-quan-nje-akt-te-urryer","status":"publish","type":"post","link":"https:\/\/prizrenpost.com\/al\/erdogan-bisede-telefonike-me-trumpin-te-shtenat-ne-darken-e-shtepise-se-bardhe-i-quan-nje-akt-te-urryer\/","title":{"rendered":"Erdogan bised\u00eb telefonike me Trumpin, t\u00eb sht\u00ebnat n\u00eb dark\u00ebn e Sht\u00ebpis\u00eb s\u00eb Bardh\u00eb i quan nj\u00eb \u201cakt t\u00eb urryer\u201d"},"content":{"rendered":"<figure class=\"post-featured-image\"><img decoding=\"async\" src=\"https:\/\/prizrenpost.com\/al\/wp-content\/uploads\/2026\/04\/thumbs_b_c_dab7e33c0729092453704c2456a5f7b7.jpg\" alt=\"Erdogan bised\u00eb telefonike me Trumpin, t\u00eb sht\u00ebnat n\u00eb dark\u00ebn e Sht\u00ebpis\u00eb s\u00eb Bardh\u00eb i quan nj\u00eb \u201cakt t\u00eb urryer\u201d\"\/><\/figure>\n<p>Presidenti i Turqis\u00eb, Recep Tayyip Erdogan, ka zhvilluar nj\u00eb telefonat\u00eb me presidentin e SHBA-s\u00eb, Donald Trump, transmeton Anadolu.<\/p>\n<p>Si\u00e7 njoftoi Drejtoria e Komunikimeve t\u00eb Turqis\u00eb n\u00eb nj\u00eb postim n\u00eb rrjetin social amerikan X, gjat\u00eb bised\u00ebs me Trumpin, Erdogan shprehu shqet\u00ebsimin p\u00ebr incidentin e t\u00eb sht\u00ebnave q\u00eb ndodhi n\u00eb dark\u00ebn e korrespondent\u00ebve t\u00eb Sht\u00ebpis\u00eb s\u00eb Bardh\u00eb n\u00eb Washington.<\/p>\n<p>Presidenti turk e p\u00ebrshkroi incidentin si nj\u00eb \u201cakt t\u00eb urryer kund\u00ebr demokracis\u00eb dhe liris\u00eb s\u00eb shtypit\u201d, si dhe uroi sh\u00ebrim t\u00eb shpejt\u00eb p\u00ebr oficerin e siguris\u00eb t\u00eb plagosur n\u00eb incident.<\/p>\n<hr style=\"margin:30px 0\"\/>\n<p style=\"font-size:13px;color:#666\">Burimi: <strong>mesazhi<\/strong><\/p>\n","protected":false},"excerpt":{"rendered":"<p>Presidenti i Turqis\u00eb, Recep Tayyip Erdogan, ka zhvilluar nj\u00eb telefonat\u00eb me presidentin e SHBA-s\u00eb, Donald Trump, transmeton Anadolu. Si\u00e7 njoftoi Drejtoria e Komunikimeve t\u00eb Turqis\u00eb n\u00eb nj\u00eb postim n\u00eb rrjetin social amerikan X, gjat\u00eb bised\u00ebs me Trumpin, Erdogan shprehu shqet\u00ebsimin p\u00ebr incidentin e t\u00eb sht\u00ebnave q\u00eb ndodhi n\u00eb dark\u00ebn e korrespondent\u00ebve t\u00eb Sht\u00ebpis\u00eb s\u00eb Bardh\u00eb [&hellip;]<\/p>\n","protected":false},"author":1,"featured_media":107764,"comment_status":"open","ping_status":"open","sticky":false,"template":"","format":"standard","meta":{"footnotes":""},"categories":[24],"tags":[3803],"class_list":["post-107765","post","type-post","status-publish","format-standard","has-post-thumbnail","hentry","category-bote","tag-aktuale"],"_links":{"self":[{"href":"https:\/\/prizrenpost.com\/al\/wp-json\/wp\/v2\/posts\/107765","targetHints":{"allow":["GET"]}}],"collection":[{"href":"https:\/\/prizrenpost.com\/al\/wp-json\/wp\/v2\/posts"}],"about":[{"href":"https:\/\/prizrenpost.com\/al\/wp-json\/wp\/v2\/types\/post"}],"author":[{"embeddable":true,"href":"https:\/\/prizrenpost.com\/al\/wp-json\/wp\/v2\/users\/1"}],"replies":[{"embeddable":true,"href":"https:\/\/prizrenpost.com\/al\/wp-json\/wp\/v2\/comments?post=107765"}],"version-history":[{"count":0,"href":"https:\/\/prizrenpost.com\/al\/wp-json\/wp\/v2\/posts\/107765\/revisions"}],"wp:featuredmedia":[{"embeddable":true,"href":"https:\/\/prizrenpost.com\/al\/wp-json\/wp\/v2\/media\/107764"}],"wp:attachment":[{"href":"https:\/\/prizrenpost.com\/al\/wp-json\/wp\/v2\/media?parent=107765"}],"wp:term":[{"taxonomy":"category","embeddable":true,"href":"https:\/\/prizrenpost.com\/al\/wp-json\/wp\/v2\/categories?post=107765"},{"taxonomy":"post_tag","embeddable":true,"href":"https:\/\/prizrenpost.com\/al\/wp-json\/wp\/v2\/tags?post=107765"}],"curies":[{"name":"wp","href":"https:\/\/api.w.org\/{rel}","templated":true}]}}