{"id":107767,"date":"2026-04-26T23:40:42","date_gmt":"2026-04-26T20:40:42","guid":{"rendered":"https:\/\/prizrenpost.com\/al\/arrestohet-ne-prishtine-43-vjecari-i-denuar-per-vrasje-ne-tentative\/"},"modified":"2026-04-26T23:40:42","modified_gmt":"2026-04-26T20:40:42","slug":"arrestohet-ne-prishtine-43-vjecari-i-denuar-per-vrasje-ne-tentative","status":"publish","type":"post","link":"https:\/\/prizrenpost.com\/al\/arrestohet-ne-prishtine-43-vjecari-i-denuar-per-vrasje-ne-tentative\/","title":{"rendered":"Arrestohet n\u00eb Prishtin\u00eb 43-vje\u00e7ari i d\u00ebnuar p\u00ebr vrasje n\u00eb tentativ\u00eb"},"content":{"rendered":"<figure class=\"post-featured-image\"><img decoding=\"async\" src=\"https:\/\/prizrenpost.com\/al\/wp-content\/uploads\/2026\/04\/AF038A7E-41B1-4CC2-B455-9A6A3709FC9E.jpeg\" alt=\"Arrestohet n\u00eb Prishtin\u00eb 43-vje\u00e7ari i d\u00ebnuar p\u00ebr vrasje n\u00eb tentativ\u00eb\"\/><\/figure>\n<p data-start=\"73\" data-end=\"179\">Policia e Prishtin\u00ebs ka njoftuar se ka arrestuar nj\u00eb person t\u00eb k\u00ebrkuar, i d\u00ebnuar p\u00ebr vepr\u00ebn penale \u201cvrasje n\u00eb tentativ\u00eb\u201d.<\/p>\n<p data-start=\"181\" data-end=\"314\">Spas postimit n\u00eb Facebook, b\u00ebhet fjal\u00eb p\u00ebr A.E., 43 vje\u00e7, shtetas i Kosov\u00ebs, i cili ishte d\u00ebnuar me 1 vit e 6 muaj burgim, transmeton Klankosova.tv.<\/p>\n<p data-start=\"316\" data-end=\"510\">Arrestimi \u00ebsht\u00eb realizuar nga Nj\u00ebsia e Arrestimeve e Stacionit Policor Veriu n\u00eb Prishtin\u00eb, n\u00eb kuad\u00ebr t\u00eb veprimeve t\u00eb vazhdueshme p\u00ebr kapjen e personave t\u00eb k\u00ebrkuar dhe t\u00eb d\u00ebnuar p\u00ebr vepra penale.<\/p>\n<p data-start=\"512\" data-end=\"572\">\u201cPas ndalimit, i nj\u00ebjti \u00ebsht\u00eb d\u00ebrguar p\u00ebr vuajtje t\u00eb d\u00ebnimit\u201d, thot\u00eb PK.\/Klankosova.tv<\/p>\n<hr style=\"margin:30px 0\"\/>\n<p style=\"font-size:13px;color:#666\">Burimi: <strong>klankosova<\/strong><\/p>\n","protected":false},"excerpt":{"rendered":"<p>Policia e Prishtin\u00ebs ka njoftuar se ka arrestuar nj\u00eb person t\u00eb k\u00ebrkuar, i d\u00ebnuar p\u00ebr vepr\u00ebn penale \u201cvrasje n\u00eb tentativ\u00eb\u201d. Spas postimit n\u00eb Facebook, b\u00ebhet fjal\u00eb p\u00ebr A.E., 43 vje\u00e7, shtetas i Kosov\u00ebs, i cili ishte d\u00ebnuar me 1 vit e 6 muaj burgim, transmeton Klankosova.tv. Arrestimi \u00ebsht\u00eb realizuar nga Nj\u00ebsia e Arrestimeve e Stacionit [&hellip;]<\/p>\n","protected":false},"author":1,"featured_media":107766,"comment_status":"open","ping_status":"open","sticky":false,"template":"","format":"standard","meta":{"footnotes":""},"categories":[17],"tags":[],"class_list":["post-107767","post","type-post","status-publish","format-standard","has-post-thumbnail","hentry","category-kronike"],"_links":{"self":[{"href":"https:\/\/prizrenpost.com\/al\/wp-json\/wp\/v2\/posts\/107767","targetHints":{"allow":["GET"]}}],"collection":[{"href":"https:\/\/prizrenpost.com\/al\/wp-json\/wp\/v2\/posts"}],"about":[{"href":"https:\/\/prizrenpost.com\/al\/wp-json\/wp\/v2\/types\/post"}],"author":[{"embeddable":true,"href":"https:\/\/prizrenpost.com\/al\/wp-json\/wp\/v2\/users\/1"}],"replies":[{"embeddable":true,"href":"https:\/\/prizrenpost.com\/al\/wp-json\/wp\/v2\/comments?post=107767"}],"version-history":[{"count":0,"href":"https:\/\/prizrenpost.com\/al\/wp-json\/wp\/v2\/posts\/107767\/revisions"}],"wp:featuredmedia":[{"embeddable":true,"href":"https:\/\/prizrenpost.com\/al\/wp-json\/wp\/v2\/media\/107766"}],"wp:attachment":[{"href":"https:\/\/prizrenpost.com\/al\/wp-json\/wp\/v2\/media?parent=107767"}],"wp:term":[{"taxonomy":"category","embeddable":true,"href":"https:\/\/prizrenpost.com\/al\/wp-json\/wp\/v2\/categories?post=107767"},{"taxonomy":"post_tag","embeddable":true,"href":"https:\/\/prizrenpost.com\/al\/wp-json\/wp\/v2\/tags?post=107767"}],"curies":[{"name":"wp","href":"https:\/\/api.w.org\/{rel}","templated":true}]}}