{"id":107769,"date":"2026-04-26T23:50:29","date_gmt":"2026-04-26T20:50:29","guid":{"rendered":"https:\/\/prizrenpost.com\/al\/dyshohet-per-disa-raste-vjedhjesh-te-renda-ne-pranga-35-vjecari-ferizajas\/"},"modified":"2026-04-26T23:50:29","modified_gmt":"2026-04-26T20:50:29","slug":"dyshohet-per-disa-raste-vjedhjesh-te-renda-ne-pranga-35-vjecari-ferizajas","status":"publish","type":"post","link":"https:\/\/prizrenpost.com\/al\/dyshohet-per-disa-raste-vjedhjesh-te-renda-ne-pranga-35-vjecari-ferizajas\/","title":{"rendered":"Dyshohet p\u00ebr disa raste vjedhjesh t\u00eb r\u00ebnda, n\u00eb pranga 35-vje\u00e7ari ferizajas"},"content":{"rendered":"<figure class=\"post-featured-image\"><img decoding=\"async\" src=\"https:\/\/prizrenpost.com\/al\/wp-content\/uploads\/2026\/04\/vjedhje-1.jpg\" alt=\"Dyshohet p\u00ebr disa raste vjedhjesh t\u00eb r\u00ebnda, n\u00eb pranga 35-vje\u00e7ari ferizajas\"\/><\/figure>\n<p>Policia n\u00eb Ferizaj ka arrestuar nj\u00eb person t\u00eb dyshuar p\u00ebr p\u00ebrfshirje n\u00eb disa raste t\u00eb vepr\u00ebs penale \u201cvjedhja e r\u00ebnd\u00eb\u201d, t\u00eb ndodhura gjat\u00eb muajve t\u00eb fundit.<\/p>\n<p data-start=\"241\" data-end=\"504\">Sipas njoftimit n\u00eb<a href=\"http:\/\/&lt;iframe src=&quot;https:\/\/www.facebook.com\/plugins\/post.php?href=https%3A%2F%2Fwww.facebook.com%2FKosovoPolice%2Fposts%2Fpfbid02pCTDfkw9C5mmnfyWVuEQbxDNrR9N1yoN7BKkkSo2LLraruSHJbhVRe9QzRZpceALl&amp;show_text=true&amp;width=500&quot; width=&quot;500&quot; height=&quot;488&quot; style=&quot;border:none;overflow:hidden&quot; scrolling=&quot;no&quot; frameborder=&quot;0&quot; allowfullscreen=&quot;true&quot; allow=&quot;autoplay; clipboard-write; encrypted-media; picture-in-picture; web-share&quot;&gt;&lt;\/iframe&gt;\"> Facebook<\/a>, Nj\u00ebsia e Hetimeve e stacionit policor n\u00eb Ferizaj, gjat\u00eb periudh\u00ebs n\u00ebntor 2025 &#8211; prill 2026, ka zhvilluar hetime p\u00ebr disa vjedhje t\u00eb kryera n\u00eb qytet dhe n\u00eb fshatrat p\u00ebrreth, p\u00ebrfshir\u00eb Sojev\u00ebn, Babushin, Dardanin\u00eb, Fshatin e Vjet\u00ebr dhe Komogllav\u00ebn.<\/p>\n<p data-start=\"506\" data-end=\"635\">Vjedhjet, sipas policis\u00eb, jan\u00eb kryer kryesisht n\u00eb objekte afariste, si dyqane dhe fabrika, ku jan\u00eb marr\u00eb para dhe sende me vler\u00eb, transmeton Klankosova.tv.<\/p>\n<p data-start=\"637\" data-end=\"869\">Pas veprimeve hetimore, p\u00ebrfshir\u00eb analizimin e kamerave t\u00eb siguris\u00eb dhe mbledhjen e informacioneve n\u00eb terren, si i dyshuar \u00ebsht\u00eb identifikuar S.T., 35 vje\u00e7, i cili dyshohet se ka kryer veprat pavar\u00ebsisht p\u00ebrpjekjeve p\u00ebr t\u2019u maskuar.<\/p>\n<p data-start=\"871\" data-end=\"1089\">\u201cM\u00eb 25.04.2026, me urdh\u00ebr t\u00eb Gjykat\u00ebs Themelore n\u00eb Ferizaj, \u00ebsht\u00eb realizuar kontroll n\u00eb sht\u00ebpin\u00eb e tij, ku jan\u00eb gjetur prova materiale, p\u00ebrfshir\u00eb veshje dhe mjete t\u00eb p\u00ebrdorura n\u00eb kryerjen e veprave. I dyshuari \u00ebsht\u00eb arrestuar dhe intervistuar n\u00eb prani t\u00eb avokatit, duke shfryt\u00ebzuar t\u00eb drejt\u00ebn p\u00ebr t\u00eb heshtur&#8221;.<\/p>\n<p>\u201cMe autorizim t\u00eb prokurorit t\u00eb shtetit, ndaj tij \u00ebsht\u00eb iniciuar procedur\u00eb p\u00ebr veprat penale \u201cVjedhja e r\u00ebnd\u00eb\u201d dhe \u00ebsht\u00eb ndaluar p\u00ebr 48 or\u00eb, p\u00ebr procedura t\u00eb m\u00ebtejshme hetimore\u201d, thot\u00eb PK.\/Klankosova.tv<\/p>\n<hr style=\"margin:30px 0\"\/>\n<p style=\"font-size:13px;color:#666\">Burimi: <strong>klankosova<\/strong><\/p>\n","protected":false},"excerpt":{"rendered":"<p>Policia n\u00eb Ferizaj ka arrestuar nj\u00eb person t\u00eb dyshuar p\u00ebr p\u00ebrfshirje n\u00eb disa raste t\u00eb vepr\u00ebs penale \u201cvjedhja e r\u00ebnd\u00eb\u201d, t\u00eb ndodhura gjat\u00eb muajve t\u00eb fundit. Sipas njoftimit n\u00eb Facebook, Nj\u00ebsia e Hetimeve e stacionit policor n\u00eb Ferizaj, gjat\u00eb periudh\u00ebs n\u00ebntor 2025 &#8211; prill 2026, ka zhvilluar hetime p\u00ebr disa vjedhje t\u00eb kryera n\u00eb qytet [&hellip;]<\/p>\n","protected":false},"author":1,"featured_media":107768,"comment_status":"open","ping_status":"open","sticky":false,"template":"","format":"standard","meta":{"footnotes":""},"categories":[17],"tags":[],"class_list":["post-107769","post","type-post","status-publish","format-standard","has-post-thumbnail","hentry","category-kronike"],"_links":{"self":[{"href":"https:\/\/prizrenpost.com\/al\/wp-json\/wp\/v2\/posts\/107769","targetHints":{"allow":["GET"]}}],"collection":[{"href":"https:\/\/prizrenpost.com\/al\/wp-json\/wp\/v2\/posts"}],"about":[{"href":"https:\/\/prizrenpost.com\/al\/wp-json\/wp\/v2\/types\/post"}],"author":[{"embeddable":true,"href":"https:\/\/prizrenpost.com\/al\/wp-json\/wp\/v2\/users\/1"}],"replies":[{"embeddable":true,"href":"https:\/\/prizrenpost.com\/al\/wp-json\/wp\/v2\/comments?post=107769"}],"version-history":[{"count":0,"href":"https:\/\/prizrenpost.com\/al\/wp-json\/wp\/v2\/posts\/107769\/revisions"}],"wp:featuredmedia":[{"embeddable":true,"href":"https:\/\/prizrenpost.com\/al\/wp-json\/wp\/v2\/media\/107768"}],"wp:attachment":[{"href":"https:\/\/prizrenpost.com\/al\/wp-json\/wp\/v2\/media?parent=107769"}],"wp:term":[{"taxonomy":"category","embeddable":true,"href":"https:\/\/prizrenpost.com\/al\/wp-json\/wp\/v2\/categories?post=107769"},{"taxonomy":"post_tag","embeddable":true,"href":"https:\/\/prizrenpost.com\/al\/wp-json\/wp\/v2\/tags?post=107769"}],"curies":[{"name":"wp","href":"https:\/\/api.w.org\/{rel}","templated":true}]}}