{"id":107785,"date":"2026-04-27T08:40:34","date_gmt":"2026-04-27T05:40:34","guid":{"rendered":"https:\/\/prizrenpost.com\/al\/ekipi-i-fsk-se-udheton-drejt-gazes-nis-pergatitja-per-dislokimin-e-trupave\/"},"modified":"2026-04-27T08:40:34","modified_gmt":"2026-04-27T05:40:34","slug":"ekipi-i-fsk-se-udheton-drejt-gazes-nis-pergatitja-per-dislokimin-e-trupave","status":"publish","type":"post","link":"https:\/\/prizrenpost.com\/al\/ekipi-i-fsk-se-udheton-drejt-gazes-nis-pergatitja-per-dislokimin-e-trupave\/","title":{"rendered":"Ekipi i FSK-s\u00eb udh\u00ebton drejt Gaz\u00ebs \u2013 nis p\u00ebrgatitja p\u00ebr dislokimin e trupave"},"content":{"rendered":"<figure class=\"post-featured-image\"><img decoding=\"async\" src=\"https:\/\/prizrenpost.com\/al\/wp-content\/uploads\/2026\/01\/prizrenpostog-og.jpg\" alt=\"Ekipi i FSK-s\u00eb udh\u00ebton drejt Gaz\u00ebs \u2013 nis p\u00ebrgatitja p\u00ebr dislokimin e trupave\"\/><\/figure>\n<p>Komandanti i Forc\u00ebs s\u00eb Siguris\u00eb s\u00eb Kosov\u00ebs (FSK), Bashkim Jashari, ka d\u00ebrguar nj\u00eb ekip n\u00eb Gaza p\u00ebr t\u00eb realizuar rikonicionin e zon\u00ebs ku pritet t\u00eb operojn\u00eb trupat e FSK-s\u00eb n\u00eb kuad\u00ebr t\u00eb nj\u00eb misioni paqeruajt\u00ebs nd\u00ebrkomb\u00ebtar.<\/p>\n<p>Sipas njoftimit zyrtar, ekipi i FSK-s\u00eb do t\u00eb zhvilloj\u00eb vler\u00ebsimin paraprak t\u00eb situat\u00ebs n\u00eb terren dhe do t\u00eb koordinoj\u00eb aktivitetet p\u00ebr dislokimin e kontingjentit, i cili do t\u00eb jet\u00eb pjes\u00eb e Forcave Stabilizuese Nd\u00ebrkomb\u00ebtare (ISF) n\u00eb Gaza.<\/p>\n<p>Gjat\u00eb q\u00ebndrimit atje, delegacioni ka zhvilluar nj\u00eb s\u00ebr\u00eb takimesh me autoritetet q\u00eb merren me administrimin e Gaz\u00ebs, si dhe me p\u00ebrfaq\u00ebsues t\u00eb Qendr\u00ebs Koordinuese Civilo-Ushtarake (CMCC), e cila operon n\u00ebn mbik\u00ebqyrjen e Bordit t\u00eb Paqes, n\u00eb p\u00ebrputhje me Rezolut\u00ebn 2803 t\u00eb OKB-s\u00eb.<\/p>\n<p>N\u00eb k\u00ebto takime \u00ebsht\u00eb diskutuar p\u00ebr procesin e integrimit t\u00eb kontingjentit t\u00eb FSK-s\u00eb n\u00eb mision, zhvillimin e operacioneve t\u00eb p\u00ebrbashk\u00ebta dhe koordinimin e mb\u00ebshtetjes logjistike.<\/p>\n<p>Forca e Siguris\u00eb s\u00eb Kosov\u00ebs ka theksuar se mbetet e p\u00ebrkushtuar p\u00ebr t\u00eb kontribuar n\u00eb paqen dhe stabilitetin global, duke bashk\u00ebpunuar ngusht\u00eb me aleat\u00ebt nd\u00ebrkomb\u00ebtar\u00eb, n\u00eb ve\u00e7anti me Shtetet e Bashkuara t\u00eb Amerik\u00ebs, si dhe duke respektuar standardet dhe vlerat nd\u00ebrkomb\u00ebtare p\u00ebr ruajtjen e paqes.<\/p>\n<hr style=\"margin:30px 0\"\/>\n<p style=\"font-size:13px;color:#666\">Burimi: <strong>mesazhi<\/strong><\/p>\n","protected":false},"excerpt":{"rendered":"<p>Komandanti i Forc\u00ebs s\u00eb Siguris\u00eb s\u00eb Kosov\u00ebs (FSK), Bashkim Jashari, ka d\u00ebrguar nj\u00eb ekip n\u00eb Gaza p\u00ebr t\u00eb realizuar rikonicionin e zon\u00ebs ku pritet t\u00eb operojn\u00eb trupat e FSK-s\u00eb n\u00eb kuad\u00ebr t\u00eb nj\u00eb misioni paqeruajt\u00ebs nd\u00ebrkomb\u00ebtar. Sipas njoftimit zyrtar, ekipi i FSK-s\u00eb do t\u00eb zhvilloj\u00eb vler\u00ebsimin paraprak t\u00eb situat\u00ebs n\u00eb terren dhe do t\u00eb koordinoj\u00eb [&hellip;]<\/p>\n","protected":false},"author":1,"featured_media":94304,"comment_status":"open","ping_status":"open","sticky":false,"template":"","format":"standard","meta":{"footnotes":""},"categories":[14],"tags":[3803],"class_list":["post-107785","post","type-post","status-publish","format-standard","has-post-thumbnail","hentry","category-kombetare","tag-aktuale"],"_links":{"self":[{"href":"https:\/\/prizrenpost.com\/al\/wp-json\/wp\/v2\/posts\/107785","targetHints":{"allow":["GET"]}}],"collection":[{"href":"https:\/\/prizrenpost.com\/al\/wp-json\/wp\/v2\/posts"}],"about":[{"href":"https:\/\/prizrenpost.com\/al\/wp-json\/wp\/v2\/types\/post"}],"author":[{"embeddable":true,"href":"https:\/\/prizrenpost.com\/al\/wp-json\/wp\/v2\/users\/1"}],"replies":[{"embeddable":true,"href":"https:\/\/prizrenpost.com\/al\/wp-json\/wp\/v2\/comments?post=107785"}],"version-history":[{"count":0,"href":"https:\/\/prizrenpost.com\/al\/wp-json\/wp\/v2\/posts\/107785\/revisions"}],"wp:featuredmedia":[{"embeddable":true,"href":"https:\/\/prizrenpost.com\/al\/wp-json\/wp\/v2\/media\/94304"}],"wp:attachment":[{"href":"https:\/\/prizrenpost.com\/al\/wp-json\/wp\/v2\/media?parent=107785"}],"wp:term":[{"taxonomy":"category","embeddable":true,"href":"https:\/\/prizrenpost.com\/al\/wp-json\/wp\/v2\/categories?post=107785"},{"taxonomy":"post_tag","embeddable":true,"href":"https:\/\/prizrenpost.com\/al\/wp-json\/wp\/v2\/tags?post=107785"}],"curies":[{"name":"wp","href":"https:\/\/api.w.org\/{rel}","templated":true}]}}