{"id":107788,"date":"2026-04-27T08:40:43","date_gmt":"2026-04-27T05:40:43","guid":{"rendered":"https:\/\/prizrenpost.com\/al\/nis-peticioni-per-perfshirjen-e-murat-jasharit-ne-garen-per-president\/"},"modified":"2026-04-27T08:40:43","modified_gmt":"2026-04-27T05:40:43","slug":"nis-peticioni-per-perfshirjen-e-murat-jasharit-ne-garen-per-president","status":"publish","type":"post","link":"https:\/\/prizrenpost.com\/al\/nis-peticioni-per-perfshirjen-e-murat-jasharit-ne-garen-per-president\/","title":{"rendered":"\u200bNis peticioni p\u00ebr p\u00ebrfshirjen e Murat Jasharit n\u00eb gar\u00ebn p\u00ebr president"},"content":{"rendered":"<figure class=\"post-featured-image\"><img decoding=\"async\" src=\"https:\/\/prizrenpost.com\/al\/wp-content\/uploads\/2026\/01\/prizrenpostog-og.jpg\" alt=\"\u200bNis peticioni p\u00ebr p\u00ebrfshirjen e Murat Jasharit n\u00eb gar\u00ebn p\u00ebr president\"\/><\/figure>\n<p>Pas zhvillimeve t\u00eb fundit n\u00eb sken\u00ebn politike, teksa vendi po hyn n\u00eb tri dit\u00ebt e fundit p\u00ebr t\u00eb shmangur zgjedhjet e reja parlamentare, nj\u00eb iniciativ\u00eb qytetare, e mb\u00ebshtetur edhe nga diaspora, ka nisur nj\u00eb peticion p\u00ebrmes t\u00eb cilit k\u00ebrkohet q\u00eb kandidatura e profesorit Murat Jashari t\u00eb merret n\u00eb konsiderat\u00eb n\u00eb procesin e zgjedhjes s\u00eb presidentit t\u00eb ri n\u00eb Kosov\u00eb.<\/p>\n<p>N\u00eb k\u00ebt\u00eb peticion, q\u00eb u drejtohet Kuvendit t\u00eb Kosov\u00ebs dhe vet\u00eb Jasharit, qytetar\u00ebt n\u00ebnshkrues theksojn\u00eb nevoj\u00ebn p\u00ebr p\u00ebrgjegj\u00ebsi, dinjitet dhe p\u00ebrfaq\u00ebsim t\u00eb denj\u00eb n\u00eb zgjedhjen e kreut t\u00eb shtetit.<\/p>\n<p>\u201cNe, qytetar\u00ebt n\u00ebnshkrues, k\u00ebrkojm\u00eb q\u00eb n\u00eb procesin e zgjedhjes s\u00eb Presidentit t\u00eb merret seriozisht n\u00eb konsiderat\u00eb kandidatura e Prof. Murat Jasharit\u201d, thuhet n\u00eb tekstin e peticionit.<\/p>\n<p>N\u00ebnshkruesit i b\u00ebjn\u00eb thirrje Kuvendit q\u00eb t\u00eb d\u00ebgjoj\u00eb z\u00ebrin e qytetar\u00ebve dhe t\u00eb siguroj\u00eb q\u00eb procesi i zgjedhjes s\u00eb Presidentit t\u00eb jet\u00eb n\u00eb p\u00ebrputhje me pritjet dhe dinjitetin e qytetar\u00ebve t\u00eb vendit.<\/p>\n<p>Po ashtu, nj\u00eb thirrje i drejtohet edhe profesor Jasharit q\u00eb t\u00eb reflektoj\u00eb mbi k\u00ebt\u00eb mb\u00ebshtetje si nj\u00eb p\u00ebrgjegj\u00ebsi publike dhe t\u00eb jet\u00eb i gatsh\u00ebm t\u00eb kontribuoj\u00eb n\u00ebse kjo k\u00ebrkes\u00eb merr form\u00eb institucionale.<\/p>\n<p>Sipas nism\u00ebtar\u00ebve, peticioni synon t\u00eb nxis\u00eb nj\u00eb proces q\u00eb reflekton vlerat shtetformuese dhe sakrific\u00ebn mbi t\u00eb cil\u00ebn \u00ebsht\u00eb nd\u00ebrtuar liria e Kosov\u00ebs, duke e par\u00eb Presidenc\u00ebn si simbol t\u00eb unitetit dhe vazhdim\u00ebsis\u00eb shtet\u00ebrore.<\/p>\n<p>P\u00ebr t\u00eb qen\u00eb i vlefsh\u00ebm, organizator\u00ebt kan\u00eb b\u00ebr\u00eb t\u00eb ditur se \u00e7do n\u00ebnshkrim duhet t\u00eb konfirmohet p\u00ebrmes nj\u00eb linku q\u00eb u d\u00ebrgohet qytetar\u00ebve n\u00eb e-mail.<\/p>\n<p>Nd\u00ebrkoh\u00eb, m\u00eb 25 shkurt ishte raportuar se Murat Jashari, ka refuzuar mund\u00ebsin\u00eb p\u00ebr t\u00eb marr\u00eb postin e presidentit.<\/p>\n<p>Sot, n\u00eb m\u00ebngjes, L\u00ebvizja Vet\u00ebvendosje u ka b\u00ebr\u00eb thirrje PDK-s\u00eb dhe LDK-s\u00eb q\u00eb t\u00eb propozojn\u00eb tre kandidat\u00eb t\u00eb p\u00ebrbashk\u00ebt \u2013 konsensual, p\u00ebr president.<\/p>\n<p>Megjithat\u00eb, PDK-ja tashm\u00eb e ka refuzuar k\u00ebt\u00eb propozim.<\/p>\n<p>Nd\u00ebrsa, Lumir Abdixhiku ka k\u00ebrkuar nga lideri i Vet\u00ebvendosjes Albin Kurti garanci p\u00ebr sigurimin e 66 votave nga partia e tij n\u00eb rast se LDK-ja propozon Vjosa Osmanin p\u00ebr presidente.<\/p>\n<p>Kuvendi i Kosov\u00ebs ka afat deri m\u00eb 28 prill t\u00eb zgjedh presidentin e ri t\u00eb vendit. Vjosa Osmani ka p\u00ebrfunduar mandatin pes\u00eb-vje\u00e7ar m\u00eb 4 prill.<\/p>\n<hr style=\"margin:30px 0\"\/>\n<p style=\"font-size:13px;color:#666\">Burimi: <strong>mesazhi<\/strong><\/p>\n","protected":false},"excerpt":{"rendered":"<p>Pas zhvillimeve t\u00eb fundit n\u00eb sken\u00ebn politike, teksa vendi po hyn n\u00eb tri dit\u00ebt e fundit p\u00ebr t\u00eb shmangur zgjedhjet e reja parlamentare, nj\u00eb iniciativ\u00eb qytetare, e mb\u00ebshtetur edhe nga diaspora, ka nisur nj\u00eb peticion p\u00ebrmes t\u00eb cilit k\u00ebrkohet q\u00eb kandidatura e profesorit Murat Jashari t\u00eb merret n\u00eb konsiderat\u00eb n\u00eb procesin e zgjedhjes s\u00eb presidentit [&hellip;]<\/p>\n","protected":false},"author":1,"featured_media":94304,"comment_status":"open","ping_status":"open","sticky":false,"template":"","format":"standard","meta":{"footnotes":""},"categories":[14],"tags":[3803],"class_list":["post-107788","post","type-post","status-publish","format-standard","has-post-thumbnail","hentry","category-kombetare","tag-aktuale"],"_links":{"self":[{"href":"https:\/\/prizrenpost.com\/al\/wp-json\/wp\/v2\/posts\/107788","targetHints":{"allow":["GET"]}}],"collection":[{"href":"https:\/\/prizrenpost.com\/al\/wp-json\/wp\/v2\/posts"}],"about":[{"href":"https:\/\/prizrenpost.com\/al\/wp-json\/wp\/v2\/types\/post"}],"author":[{"embeddable":true,"href":"https:\/\/prizrenpost.com\/al\/wp-json\/wp\/v2\/users\/1"}],"replies":[{"embeddable":true,"href":"https:\/\/prizrenpost.com\/al\/wp-json\/wp\/v2\/comments?post=107788"}],"version-history":[{"count":0,"href":"https:\/\/prizrenpost.com\/al\/wp-json\/wp\/v2\/posts\/107788\/revisions"}],"wp:featuredmedia":[{"embeddable":true,"href":"https:\/\/prizrenpost.com\/al\/wp-json\/wp\/v2\/media\/94304"}],"wp:attachment":[{"href":"https:\/\/prizrenpost.com\/al\/wp-json\/wp\/v2\/media?parent=107788"}],"wp:term":[{"taxonomy":"category","embeddable":true,"href":"https:\/\/prizrenpost.com\/al\/wp-json\/wp\/v2\/categories?post=107788"},{"taxonomy":"post_tag","embeddable":true,"href":"https:\/\/prizrenpost.com\/al\/wp-json\/wp\/v2\/tags?post=107788"}],"curies":[{"name":"wp","href":"https:\/\/api.w.org\/{rel}","templated":true}]}}