{"id":107789,"date":"2026-04-27T08:40:46","date_gmt":"2026-04-27T05:40:46","guid":{"rendered":"https:\/\/prizrenpost.com\/al\/abdixhiku-kurtit-e-propozojme-vjosa-osmanin-nese-na-i-garantoni-66-vota-per-te\/"},"modified":"2026-04-27T08:40:46","modified_gmt":"2026-04-27T05:40:46","slug":"abdixhiku-kurtit-e-propozojme-vjosa-osmanin-nese-na-i-garantoni-66-vota-per-te","status":"publish","type":"post","link":"https:\/\/prizrenpost.com\/al\/abdixhiku-kurtit-e-propozojme-vjosa-osmanin-nese-na-i-garantoni-66-vota-per-te\/","title":{"rendered":"Abdixhiku-Kurtit: E propozojm\u00eb Vjosa Osmanin n\u00ebse na i garantoni 66 vota p\u00ebr t\u00eb"},"content":{"rendered":"<figure class=\"post-featured-image\"><img decoding=\"async\" src=\"https:\/\/prizrenpost.com\/al\/wp-content\/uploads\/2026\/01\/prizrenpostog-og.jpg\" alt=\"Abdixhiku-Kurtit: E propozojm\u00eb Vjosa Osmanin n\u00ebse na i garantoni 66 vota p\u00ebr t\u00eb\"\/><\/figure>\n<p>Kryetari i Lidhjes Demokratike t\u00eb Kosov\u00ebs, Lumir Abdixhiku, i \u00ebsht\u00eb drejtuar publikisht kryeministrit Albin Kurti me nj\u00eb mesazh t\u00eb qart\u00eb lidhur me mund\u00ebsin\u00eb e bashk\u00ebpunimit politik.<\/p>\n<p>N\u00eb reagimin e tij, Abdixhiku k\u00ebrkon nga Kurti q\u00eb t\u00eb p\u00ebrcaktohet n\u00ebse synon nj\u00eb marr\u00ebveshje politike me LDK-n\u00eb apo sigurimin e 90 votave n\u00eb bashk\u00ebpunim edhe me Partin\u00eb Demokratike t\u00eb Kosov\u00ebs.<\/p>\n<p>Sipas tij, n\u00ebse opsioni i dyt\u00eb \u00ebsht\u00eb i domosdosh\u00ebm p\u00ebr qeverin\u00eb, at\u00ebher\u00eb LDK nuk mund t\u00eb ofroj\u00eb mb\u00ebshtetje. \u201cKur t\u00eb merreni vesh, e trajtojm\u00eb,\u201d thuhet n\u00eb mesazh.<\/p>\n<p>Abdixhiku thekson se n\u00eb rast se Kurti zgjedh bashk\u00ebpunimin me LDK-n\u00eb, at\u00ebher\u00eb duhet t\u00eb nis\u00eb dialogu mes pal\u00ebve. Ai shton se posti i presidentit do t\u00eb propozohet nga LDK me p\u00ebrgjegj\u00ebsi t\u00eb plot\u00eb, duke mos p\u00ebrjashtuar edhe emrin e Vjosa Osmani, n\u00ebse sigurohen 66 vota p\u00ebr zgjedhjen e saj.<\/p>\n<p>Ky q\u00ebndrim i LDK-s\u00eb vjen n\u00eb nj\u00eb koh\u00eb kur skena politike n\u00eb vend mbetet e paqart\u00eb sa i p\u00ebrket formimit t\u00eb institucioneve dhe sigurimit t\u00eb shumic\u00ebs parlamentare.<\/p>\n<hr style=\"margin:30px 0\"\/>\n<p style=\"font-size:13px;color:#666\">Burimi: <strong>mesazhi<\/strong><\/p>\n","protected":false},"excerpt":{"rendered":"<p>Kryetari i Lidhjes Demokratike t\u00eb Kosov\u00ebs, Lumir Abdixhiku, i \u00ebsht\u00eb drejtuar publikisht kryeministrit Albin Kurti me nj\u00eb mesazh t\u00eb qart\u00eb lidhur me mund\u00ebsin\u00eb e bashk\u00ebpunimit politik. N\u00eb reagimin e tij, Abdixhiku k\u00ebrkon nga Kurti q\u00eb t\u00eb p\u00ebrcaktohet n\u00ebse synon nj\u00eb marr\u00ebveshje politike me LDK-n\u00eb apo sigurimin e 90 votave n\u00eb bashk\u00ebpunim edhe me Partin\u00eb Demokratike [&hellip;]<\/p>\n","protected":false},"author":1,"featured_media":94304,"comment_status":"open","ping_status":"open","sticky":false,"template":"","format":"standard","meta":{"footnotes":""},"categories":[14],"tags":[3803],"class_list":["post-107789","post","type-post","status-publish","format-standard","has-post-thumbnail","hentry","category-kombetare","tag-aktuale"],"_links":{"self":[{"href":"https:\/\/prizrenpost.com\/al\/wp-json\/wp\/v2\/posts\/107789","targetHints":{"allow":["GET"]}}],"collection":[{"href":"https:\/\/prizrenpost.com\/al\/wp-json\/wp\/v2\/posts"}],"about":[{"href":"https:\/\/prizrenpost.com\/al\/wp-json\/wp\/v2\/types\/post"}],"author":[{"embeddable":true,"href":"https:\/\/prizrenpost.com\/al\/wp-json\/wp\/v2\/users\/1"}],"replies":[{"embeddable":true,"href":"https:\/\/prizrenpost.com\/al\/wp-json\/wp\/v2\/comments?post=107789"}],"version-history":[{"count":0,"href":"https:\/\/prizrenpost.com\/al\/wp-json\/wp\/v2\/posts\/107789\/revisions"}],"wp:featuredmedia":[{"embeddable":true,"href":"https:\/\/prizrenpost.com\/al\/wp-json\/wp\/v2\/media\/94304"}],"wp:attachment":[{"href":"https:\/\/prizrenpost.com\/al\/wp-json\/wp\/v2\/media?parent=107789"}],"wp:term":[{"taxonomy":"category","embeddable":true,"href":"https:\/\/prizrenpost.com\/al\/wp-json\/wp\/v2\/categories?post=107789"},{"taxonomy":"post_tag","embeddable":true,"href":"https:\/\/prizrenpost.com\/al\/wp-json\/wp\/v2\/tags?post=107789"}],"curies":[{"name":"wp","href":"https:\/\/api.w.org\/{rel}","templated":true}]}}