{"id":107791,"date":"2026-04-27T08:40:56","date_gmt":"2026-04-27T05:40:56","guid":{"rendered":"https:\/\/prizrenpost.com\/al\/murati-opozita-se-votoi-trajtimin-e-rishikimit-te-buxhetit-do-te-mundesohej-pako-200-milioneshe-per-inflacionin\/"},"modified":"2026-04-27T08:40:56","modified_gmt":"2026-04-27T05:40:56","slug":"murati-opozita-se-votoi-trajtimin-e-rishikimit-te-buxhetit-do-te-mundesohej-pako-200-milioneshe-per-inflacionin","status":"publish","type":"post","link":"https:\/\/prizrenpost.com\/al\/murati-opozita-se-votoi-trajtimin-e-rishikimit-te-buxhetit-do-te-mundesohej-pako-200-milioneshe-per-inflacionin\/","title":{"rendered":"Murati: Opozita s\u2019e votoi trajtimin e rishikimit t\u00eb buxhetit, do t\u00eb mund\u00ebsohej Pako 200 milion\u00ebshe p\u00ebr Inflacionin"},"content":{"rendered":"<figure class=\"post-featured-image\"><img decoding=\"async\" src=\"https:\/\/prizrenpost.com\/al\/wp-content\/uploads\/2026\/04\/murati.jpg\" alt=\"Murati: Opozita s\u2019e votoi trajtimin e rishikimit t\u00eb buxhetit, do t\u00eb mund\u00ebsohej Pako 200 milion\u00ebshe p\u00ebr Inflacionin\"\/><\/figure>\n<p>N\u00eb seanc\u00ebn e sotme t\u00eb Kuvendit, opozita ka votuar kund\u00ebr shqyrtimit t\u00eb rishikimit t\u00eb buxhetit, duke pamund\u00ebsuar kalimin e k\u00ebtij hapi procedural q\u00eb do t\u2019i hapte rrug\u00eb financimit t\u00eb Pakos p\u00ebr P\u00ebrballje me Inflacionin 2.0.<\/p>\n<p>Kjo pako, me vler\u00eb prej 200 milion\u00eb eurosh, \u00ebsht\u00eb prezantuar nga Qeveria si nj\u00eb mas\u00eb mb\u00ebshtet\u00ebse p\u00ebr qytetar\u00ebt, me q\u00ebllim zbutjen e ndikimit t\u00eb rritjes s\u00eb \u00e7mimeve dhe leht\u00ebsimin e barr\u00ebs ekonomike p\u00ebr familjet.<\/p>\n<p>Ministri i Financave, Hekuran Murati, ka deklaruar se rishikimi i buxhetit ishte i domosdosh\u00ebm p\u00ebr t\u00eb mund\u00ebsuar zbatimin e k\u00ebsaj pakoje, e cila sipas tij do t\u00eb kishte efekt t\u00eb drejtp\u00ebrdrejt\u00eb n\u00eb mir\u00ebqenien e qytetar\u00ebve.<\/p>\n<p>Nga ana tjet\u00ebr, opozita ka shprehur kund\u00ebrshtime ndaj m\u00ebnyr\u00ebs s\u00eb trajtimit t\u00eb buxhetit dhe masave t\u00eb propozuara, duke mos e mb\u00ebshtetur kalimin e rishikimit n\u00eb k\u00ebt\u00eb faz\u00eb.<\/p>\n<p>Si rezultat, e ardhmja e Pakos p\u00ebr P\u00ebrballje me Inflacionin 2.0 mbetet e paqart\u00eb, nd\u00ebrsa pritet q\u00eb debati mes pal\u00ebve politike t\u00eb vazhdoj\u00eb edhe n\u00eb seancat e ardhshme.<\/p>\n<hr style=\"margin:30px 0\"\/>\n<p style=\"font-size:13px;color:#666\">Burimi: <strong>mesazhi<\/strong><\/p>\n","protected":false},"excerpt":{"rendered":"<p>N\u00eb seanc\u00ebn e sotme t\u00eb Kuvendit, opozita ka votuar kund\u00ebr shqyrtimit t\u00eb rishikimit t\u00eb buxhetit, duke pamund\u00ebsuar kalimin e k\u00ebtij hapi procedural q\u00eb do t\u2019i hapte rrug\u00eb financimit t\u00eb Pakos p\u00ebr P\u00ebrballje me Inflacionin 2.0. Kjo pako, me vler\u00eb prej 200 milion\u00eb eurosh, \u00ebsht\u00eb prezantuar nga Qeveria si nj\u00eb mas\u00eb mb\u00ebshtet\u00ebse p\u00ebr qytetar\u00ebt, me q\u00ebllim [&hellip;]<\/p>\n","protected":false},"author":1,"featured_media":107790,"comment_status":"open","ping_status":"open","sticky":false,"template":"","format":"standard","meta":{"footnotes":""},"categories":[14],"tags":[3803],"class_list":["post-107791","post","type-post","status-publish","format-standard","has-post-thumbnail","hentry","category-kombetare","tag-aktuale"],"_links":{"self":[{"href":"https:\/\/prizrenpost.com\/al\/wp-json\/wp\/v2\/posts\/107791","targetHints":{"allow":["GET"]}}],"collection":[{"href":"https:\/\/prizrenpost.com\/al\/wp-json\/wp\/v2\/posts"}],"about":[{"href":"https:\/\/prizrenpost.com\/al\/wp-json\/wp\/v2\/types\/post"}],"author":[{"embeddable":true,"href":"https:\/\/prizrenpost.com\/al\/wp-json\/wp\/v2\/users\/1"}],"replies":[{"embeddable":true,"href":"https:\/\/prizrenpost.com\/al\/wp-json\/wp\/v2\/comments?post=107791"}],"version-history":[{"count":0,"href":"https:\/\/prizrenpost.com\/al\/wp-json\/wp\/v2\/posts\/107791\/revisions"}],"wp:featuredmedia":[{"embeddable":true,"href":"https:\/\/prizrenpost.com\/al\/wp-json\/wp\/v2\/media\/107790"}],"wp:attachment":[{"href":"https:\/\/prizrenpost.com\/al\/wp-json\/wp\/v2\/media?parent=107791"}],"wp:term":[{"taxonomy":"category","embeddable":true,"href":"https:\/\/prizrenpost.com\/al\/wp-json\/wp\/v2\/categories?post=107791"},{"taxonomy":"post_tag","embeddable":true,"href":"https:\/\/prizrenpost.com\/al\/wp-json\/wp\/v2\/tags?post=107791"}],"curies":[{"name":"wp","href":"https:\/\/api.w.org\/{rel}","templated":true}]}}