{"id":107794,"date":"2026-04-27T09:10:17","date_gmt":"2026-04-27T06:10:17","guid":{"rendered":"https:\/\/prizrenpost.com\/al\/araghchi-vijon-ofensiven-diplomatike-nga-islamabadi-drejt-moskes\/"},"modified":"2026-04-27T09:10:17","modified_gmt":"2026-04-27T06:10:17","slug":"araghchi-vijon-ofensiven-diplomatike-nga-islamabadi-drejt-moskes","status":"publish","type":"post","link":"https:\/\/prizrenpost.com\/al\/araghchi-vijon-ofensiven-diplomatike-nga-islamabadi-drejt-moskes\/","title":{"rendered":"Araghchi vijon ofensiv\u00ebn diplomatike, nga Islamabadi drejt Mosk\u00ebs"},"content":{"rendered":"<figure class=\"post-featured-image\"><img decoding=\"async\" src=\"https:\/\/prizrenpost.com\/al\/wp-content\/uploads\/2026\/04\/Irans-foreign-minister-is-headed-to-Moscow-1.jpg\" alt=\"Araghchi vijon ofensiv\u00ebn diplomatike, nga Islamabadi drejt Mosk\u00ebs\"\/><\/figure>\n<p>Ministri i Jasht\u00ebm i Iranit, Abbas Araghchi, \u00ebsht\u00eb nisur drejt Moskes pas nj\u00eb serie vizitash diplomatike n\u00eb rajon, n\u00eb nj\u00eb koh\u00eb kur p\u00ebrpjekjet p\u00ebr paqe mes Teheranit dhe Uashingtonit mbeten t\u00eb bllokuara.<\/p>\n<p>Araghchi zhvilloi vizita n\u00eb Pakistan dhe Oman, ku u takua me drejtues t\u00eb lart\u00eb, p\u00ebrfshir\u00eb shefin e ushtris\u00eb pakistaneze Asim Munir, kryeministrin Shehbaz Sharif dhe ministrin e Jasht\u00ebm Ishaq Dar.<\/p>\n<p>Pas k\u00ebtyre takimeve, ai u kthye p\u00ebrkoh\u00ebsisht n\u00eb Islamabad dhe m\u00eb pas u nis p\u00ebr n\u00eb Mosk\u00eb, ku pritet t\u00eb zhvilloj\u00eb bisedime me zyrtar\u00eb t\u00eb lart\u00eb rus\u00eb.<\/p>\n<p>Sipas mediave iraniane, Teherani ka d\u00ebrguar \u201cmesazhe me shkrim\u201d drejt Shteteve t\u00eb Bashkuara p\u00ebrmes nd\u00ebrmjet\u00ebsimit t\u00eb Pakistanit, duke p\u00ebrcaktuar vijat e kuqe, p\u00ebrfshir\u00eb \u00e7\u00ebshtjet b\u00ebrthamore dhe Ngushtic\u00ebn e Hormuzit. Megjithat\u00eb, k\u00ebto nuk konsiderohen si pjes\u00eb e negociatave formale.<\/p>\n<p>Zhvillimet vijn\u00eb n\u00eb nj\u00eb moment kur kontaktet direkte mes Iranit dhe SHBA-s\u00eb jan\u00eb t\u00eb nd\u00ebrprera, nd\u00ebrsa p\u00ebrpjekjet diplomatike p\u00ebr zbutjen e tensioneve vazhdojn\u00eb n\u00eb disa fronte. \/mesazhi<\/p>\n<hr style=\"margin:30px 0\"\/>\n<p style=\"font-size:13px;color:#666\">Burimi: <strong>mesazhi<\/strong><\/p>\n","protected":false},"excerpt":{"rendered":"<p>Ministri i Jasht\u00ebm i Iranit, Abbas Araghchi, \u00ebsht\u00eb nisur drejt Moskes pas nj\u00eb serie vizitash diplomatike n\u00eb rajon, n\u00eb nj\u00eb koh\u00eb kur p\u00ebrpjekjet p\u00ebr paqe mes Teheranit dhe Uashingtonit mbeten t\u00eb bllokuara. Araghchi zhvilloi vizita n\u00eb Pakistan dhe Oman, ku u takua me drejtues t\u00eb lart\u00eb, p\u00ebrfshir\u00eb shefin e ushtris\u00eb pakistaneze Asim Munir, kryeministrin Shehbaz [&hellip;]<\/p>\n","protected":false},"author":1,"featured_media":107793,"comment_status":"open","ping_status":"open","sticky":false,"template":"","format":"standard","meta":{"footnotes":""},"categories":[24],"tags":[3803],"class_list":["post-107794","post","type-post","status-publish","format-standard","has-post-thumbnail","hentry","category-bote","tag-aktuale"],"_links":{"self":[{"href":"https:\/\/prizrenpost.com\/al\/wp-json\/wp\/v2\/posts\/107794","targetHints":{"allow":["GET"]}}],"collection":[{"href":"https:\/\/prizrenpost.com\/al\/wp-json\/wp\/v2\/posts"}],"about":[{"href":"https:\/\/prizrenpost.com\/al\/wp-json\/wp\/v2\/types\/post"}],"author":[{"embeddable":true,"href":"https:\/\/prizrenpost.com\/al\/wp-json\/wp\/v2\/users\/1"}],"replies":[{"embeddable":true,"href":"https:\/\/prizrenpost.com\/al\/wp-json\/wp\/v2\/comments?post=107794"}],"version-history":[{"count":0,"href":"https:\/\/prizrenpost.com\/al\/wp-json\/wp\/v2\/posts\/107794\/revisions"}],"wp:featuredmedia":[{"embeddable":true,"href":"https:\/\/prizrenpost.com\/al\/wp-json\/wp\/v2\/media\/107793"}],"wp:attachment":[{"href":"https:\/\/prizrenpost.com\/al\/wp-json\/wp\/v2\/media?parent=107794"}],"wp:term":[{"taxonomy":"category","embeddable":true,"href":"https:\/\/prizrenpost.com\/al\/wp-json\/wp\/v2\/categories?post=107794"},{"taxonomy":"post_tag","embeddable":true,"href":"https:\/\/prizrenpost.com\/al\/wp-json\/wp\/v2\/tags?post=107794"}],"curies":[{"name":"wp","href":"https:\/\/api.w.org\/{rel}","templated":true}]}}