{"id":107796,"date":"2026-04-27T09:10:20","date_gmt":"2026-04-27T06:10:20","guid":{"rendered":"https:\/\/prizrenpost.com\/al\/trump-irani-mund-te-kontaktoje-shba-ne-per-bisedime-armepushimi\/"},"modified":"2026-04-27T09:10:20","modified_gmt":"2026-04-27T06:10:20","slug":"trump-irani-mund-te-kontaktoje-shba-ne-per-bisedime-armepushimi","status":"publish","type":"post","link":"https:\/\/prizrenpost.com\/al\/trump-irani-mund-te-kontaktoje-shba-ne-per-bisedime-armepushimi\/","title":{"rendered":"Trump: Irani mund t\u00eb kontaktoj\u00eb SHBA-n\u00eb p\u00ebr bisedime arm\u00ebpushimi"},"content":{"rendered":"<figure class=\"post-featured-image\"><img decoding=\"async\" src=\"https:\/\/prizrenpost.com\/al\/wp-content\/uploads\/2026\/04\/1777220671678-nx22xv-8bd811b60ca4da53ee305c58c176f42477dc0cf439cf6c75063037a1157a7431-1.jpg\" alt=\"Trump: Irani mund t\u00eb kontaktoj\u00eb SHBA-n\u00eb p\u00ebr bisedime arm\u00ebpushimi\"\/><\/figure>\n<p>Presidenti i SHBA-s\u00eb, Donald Trump, deklaroi se Irani mund t\u00eb kontaktoj\u00eb Shtetet e Bashkuara n\u00ebse d\u00ebshiron t\u00eb negocioj\u00eb p\u00ebr t\u2019i dh\u00ebn\u00eb fund konfliktit mes dy vendeve.<\/p>\n<p>\u201cN\u00ebse duan t\u00eb flasin, mund t\u00eb vijn\u00eb tek ne ose t\u00eb na telefonojn\u00eb. Kemi linja t\u00eb sigurta komunikimi,\u201d tha Trump gjat\u00eb nj\u00eb interviste p\u00ebr Fox News.<\/p>\n<p>Nd\u00ebrkoh\u00eb, p\u00ebrpjekjet p\u00ebr arritjen e nj\u00eb marr\u00ebveshjeje paqeje kan\u00eb hasur v\u00ebshtir\u00ebsi. Trump anuloi nj\u00eb vizit\u00eb t\u00eb d\u00ebrguarve t\u00eb tij, Steve Witkoff dhe Jared Kushner, n\u00eb Pakistan, duke krijuar nj\u00eb tjet\u00ebr penges\u00eb n\u00eb procesin diplomatik.<\/p>\n<p>Nga ana tjet\u00ebr, ministri i Jasht\u00ebm i Iranit, Abbas Araghchi, zhvilloi takime vet\u00ebm me zyrtar\u00eb pakistanez\u00eb n\u00eb Islamabad dhe m\u00eb pas u rikthye s\u00ebrish n\u00eb Pakistan, n\u00eb munges\u00eb t\u00eb p\u00ebrfaq\u00ebsuesve amerikan\u00eb.<\/p>\n<p>Tensionet mes SHBA-s\u00eb dhe Iranit vazhdojn\u00eb, nd\u00ebrsa bisedimet p\u00ebr nj\u00eb arm\u00ebpushim mbeten t\u00eb bllokuara. \/mesazhi<\/p>\n<hr style=\"margin:30px 0\"\/>\n<p style=\"font-size:13px;color:#666\">Burimi: <strong>mesazhi<\/strong><\/p>\n","protected":false},"excerpt":{"rendered":"<p>Presidenti i SHBA-s\u00eb, Donald Trump, deklaroi se Irani mund t\u00eb kontaktoj\u00eb Shtetet e Bashkuara n\u00ebse d\u00ebshiron t\u00eb negocioj\u00eb p\u00ebr t\u2019i dh\u00ebn\u00eb fund konfliktit mes dy vendeve. \u201cN\u00ebse duan t\u00eb flasin, mund t\u00eb vijn\u00eb tek ne ose t\u00eb na telefonojn\u00eb. Kemi linja t\u00eb sigurta komunikimi,\u201d tha Trump gjat\u00eb nj\u00eb interviste p\u00ebr Fox News. Nd\u00ebrkoh\u00eb, p\u00ebrpjekjet p\u00ebr [&hellip;]<\/p>\n","protected":false},"author":1,"featured_media":107795,"comment_status":"open","ping_status":"open","sticky":false,"template":"","format":"standard","meta":{"footnotes":""},"categories":[24],"tags":[3803],"class_list":["post-107796","post","type-post","status-publish","format-standard","has-post-thumbnail","hentry","category-bote","tag-aktuale"],"_links":{"self":[{"href":"https:\/\/prizrenpost.com\/al\/wp-json\/wp\/v2\/posts\/107796","targetHints":{"allow":["GET"]}}],"collection":[{"href":"https:\/\/prizrenpost.com\/al\/wp-json\/wp\/v2\/posts"}],"about":[{"href":"https:\/\/prizrenpost.com\/al\/wp-json\/wp\/v2\/types\/post"}],"author":[{"embeddable":true,"href":"https:\/\/prizrenpost.com\/al\/wp-json\/wp\/v2\/users\/1"}],"replies":[{"embeddable":true,"href":"https:\/\/prizrenpost.com\/al\/wp-json\/wp\/v2\/comments?post=107796"}],"version-history":[{"count":0,"href":"https:\/\/prizrenpost.com\/al\/wp-json\/wp\/v2\/posts\/107796\/revisions"}],"wp:featuredmedia":[{"embeddable":true,"href":"https:\/\/prizrenpost.com\/al\/wp-json\/wp\/v2\/media\/107795"}],"wp:attachment":[{"href":"https:\/\/prizrenpost.com\/al\/wp-json\/wp\/v2\/media?parent=107796"}],"wp:term":[{"taxonomy":"category","embeddable":true,"href":"https:\/\/prizrenpost.com\/al\/wp-json\/wp\/v2\/categories?post=107796"},{"taxonomy":"post_tag","embeddable":true,"href":"https:\/\/prizrenpost.com\/al\/wp-json\/wp\/v2\/tags?post=107796"}],"curies":[{"name":"wp","href":"https:\/\/api.w.org\/{rel}","templated":true}]}}