{"id":107800,"date":"2026-04-27T09:35:13","date_gmt":"2026-04-27T06:35:13","guid":{"rendered":"https:\/\/prizrenpost.com\/al\/kurti-ne-hapjen-e-zyres-ne-veri-diskriminimit-i-ka-ardhur-fundi\/"},"modified":"2026-04-27T09:35:13","modified_gmt":"2026-04-27T06:35:13","slug":"kurti-ne-hapjen-e-zyres-ne-veri-diskriminimit-i-ka-ardhur-fundi","status":"publish","type":"post","link":"https:\/\/prizrenpost.com\/al\/kurti-ne-hapjen-e-zyres-ne-veri-diskriminimit-i-ka-ardhur-fundi\/","title":{"rendered":"Kurti n\u00eb hapjen e zyr\u00ebs n\u00eb veri: Diskriminimit i ka ardhur fundi"},"content":{"rendered":"<figure class=\"post-featured-image\"><img decoding=\"async\" src=\"https:\/\/prizrenpost.com\/al\/wp-content\/uploads\/2026\/01\/prizrenpostog-og.jpg\" alt=\"Kurti n\u00eb hapjen e zyr\u00ebs n\u00eb veri: Diskriminimit i ka ardhur fundi\"\/><\/figure>\n<p>\u00cbsht\u00eb hapur t\u00eb h\u00ebn\u00ebn zyra e Ministris\u00eb p\u00ebr Bujq\u00ebsi, Pylltari dhe Zhvillim Rural n\u00eb Mitrovic\u00ebn e Veriut.<\/p>\n<p>T\u00eb pranish\u00ebm n\u00eb k\u00ebt\u00eb hapje ishin kryeministri i Kosov\u00ebs, Albin Kurti, ministrat Armend Muja, Xhelal Sve\u00e7la e Elbert Krasniqi si dhe, kryetari i Mitrovic\u00ebs s\u00eb Jugut, Faton Peci.<\/p>\n<p>Me k\u00ebt\u00eb rast, kreu i ekzekutivit u pyet mediat serbe n\u00eb veri se pse nuk ishte prezent edhe kryetari i Mitrovic\u00ebs s\u00eb Veriut, i cili vjen nga radh\u00ebt e minoriteteve serbe, p\u00ebr \u00e7ka tha se \u201cduhet ta dini se t\u00eb gjith\u00eb duhet t\u00eb kujdesen m\u00eb shum\u00eb p\u00ebr qytetar\u00ebt e thjesht\u00eb\u201d, shkruan KP.<\/p>\n<p>Si\u00e7 tha ai, kryetar\u00ebt e komunave jan\u00eb shtresa e lart\u00eb e qytetar\u00ebve, teksa sugjertoi mediat t\u00eb mos brengosen p\u00ebr ta.<\/p>\n<p>Kurti tha se \u201cdiskriminimit i ka ardh fundi\u201d.<\/p>\n<p>\u201cI fal\u00ebnderoj t\u00eb gjith\u00eb q\u00eb kontribuuat q\u00eb sot ta kemi k\u00ebt\u00eb dit\u00eb, q\u00eb ofron gjithp\u00ebrfshirje\u201d, u shpreh Kurti.<\/p>\n<hr style=\"margin:30px 0\"\/>\n<p style=\"font-size:13px;color:#666\">Burimi: <strong>mesazhi<\/strong><\/p>\n","protected":false},"excerpt":{"rendered":"<p>\u00cbsht\u00eb hapur t\u00eb h\u00ebn\u00ebn zyra e Ministris\u00eb p\u00ebr Bujq\u00ebsi, Pylltari dhe Zhvillim Rural n\u00eb Mitrovic\u00ebn e Veriut. T\u00eb pranish\u00ebm n\u00eb k\u00ebt\u00eb hapje ishin kryeministri i Kosov\u00ebs, Albin Kurti, ministrat Armend Muja, Xhelal Sve\u00e7la e Elbert Krasniqi si dhe, kryetari i Mitrovic\u00ebs s\u00eb Jugut, Faton Peci. Me k\u00ebt\u00eb rast, kreu i ekzekutivit u pyet mediat serbe [&hellip;]<\/p>\n","protected":false},"author":1,"featured_media":94304,"comment_status":"open","ping_status":"open","sticky":false,"template":"","format":"standard","meta":{"footnotes":""},"categories":[14],"tags":[3803],"class_list":["post-107800","post","type-post","status-publish","format-standard","has-post-thumbnail","hentry","category-kombetare","tag-aktuale"],"_links":{"self":[{"href":"https:\/\/prizrenpost.com\/al\/wp-json\/wp\/v2\/posts\/107800","targetHints":{"allow":["GET"]}}],"collection":[{"href":"https:\/\/prizrenpost.com\/al\/wp-json\/wp\/v2\/posts"}],"about":[{"href":"https:\/\/prizrenpost.com\/al\/wp-json\/wp\/v2\/types\/post"}],"author":[{"embeddable":true,"href":"https:\/\/prizrenpost.com\/al\/wp-json\/wp\/v2\/users\/1"}],"replies":[{"embeddable":true,"href":"https:\/\/prizrenpost.com\/al\/wp-json\/wp\/v2\/comments?post=107800"}],"version-history":[{"count":0,"href":"https:\/\/prizrenpost.com\/al\/wp-json\/wp\/v2\/posts\/107800\/revisions"}],"wp:featuredmedia":[{"embeddable":true,"href":"https:\/\/prizrenpost.com\/al\/wp-json\/wp\/v2\/media\/94304"}],"wp:attachment":[{"href":"https:\/\/prizrenpost.com\/al\/wp-json\/wp\/v2\/media?parent=107800"}],"wp:term":[{"taxonomy":"category","embeddable":true,"href":"https:\/\/prizrenpost.com\/al\/wp-json\/wp\/v2\/categories?post=107800"},{"taxonomy":"post_tag","embeddable":true,"href":"https:\/\/prizrenpost.com\/al\/wp-json\/wp\/v2\/tags?post=107800"}],"curies":[{"name":"wp","href":"https:\/\/api.w.org\/{rel}","templated":true}]}}