{"id":107801,"date":"2026-04-27T09:35:17","date_gmt":"2026-04-27T06:35:17","guid":{"rendered":"https:\/\/prizrenpost.com\/al\/kuvendi-mblidhet-per-dy-seanca\/"},"modified":"2026-04-27T09:35:17","modified_gmt":"2026-04-27T06:35:17","slug":"kuvendi-mblidhet-per-dy-seanca","status":"publish","type":"post","link":"https:\/\/prizrenpost.com\/al\/kuvendi-mblidhet-per-dy-seanca\/","title":{"rendered":"\u200bKuvendi mblidhet p\u00ebr dy seanca"},"content":{"rendered":"<figure class=\"post-featured-image\"><img decoding=\"async\" src=\"https:\/\/prizrenpost.com\/al\/wp-content\/uploads\/2026\/01\/prizrenpostog-og.jpg\" alt=\"\u200bKuvendi mblidhet p\u00ebr dy seanca\"\/><\/figure>\n<p>Deputet\u00ebt e Kuvendit t\u00eb Kosov\u00ebs do t\u00eb mblidhen sot p\u00ebr t\u00eb zhvilluar dy seanca.<\/p>\n<p>E para, sipas njoftimit dot t\u00eb mbahet me fillim nga ora 09:00, ku t\u00eb zgjedhurit e popullit do b\u00ebhen bashk\u00eb p\u00ebr ta nderuar akademikun e ndjer\u00eb, Rexhep Qosjen.<\/p>\n<p>Nd\u00ebrsa nga ora 12:00 Parlamenti do t\u00eb mbaj\u00eb seanc\u00eb t\u00eb rregullt plenare.<\/p>\n<hr style=\"margin:30px 0\"\/>\n<p style=\"font-size:13px;color:#666\">Burimi: <strong>mesazhi<\/strong><\/p>\n","protected":false},"excerpt":{"rendered":"<p>Deputet\u00ebt e Kuvendit t\u00eb Kosov\u00ebs do t\u00eb mblidhen sot p\u00ebr t\u00eb zhvilluar dy seanca. E para, sipas njoftimit dot t\u00eb mbahet me fillim nga ora 09:00, ku t\u00eb zgjedhurit e popullit do b\u00ebhen bashk\u00eb p\u00ebr ta nderuar akademikun e ndjer\u00eb, Rexhep Qosjen. Nd\u00ebrsa nga ora 12:00 Parlamenti do t\u00eb mbaj\u00eb seanc\u00eb t\u00eb rregullt plenare. Burimi: [&hellip;]<\/p>\n","protected":false},"author":1,"featured_media":94304,"comment_status":"open","ping_status":"open","sticky":false,"template":"","format":"standard","meta":{"footnotes":""},"categories":[14],"tags":[3803],"class_list":["post-107801","post","type-post","status-publish","format-standard","has-post-thumbnail","hentry","category-kombetare","tag-aktuale"],"_links":{"self":[{"href":"https:\/\/prizrenpost.com\/al\/wp-json\/wp\/v2\/posts\/107801","targetHints":{"allow":["GET"]}}],"collection":[{"href":"https:\/\/prizrenpost.com\/al\/wp-json\/wp\/v2\/posts"}],"about":[{"href":"https:\/\/prizrenpost.com\/al\/wp-json\/wp\/v2\/types\/post"}],"author":[{"embeddable":true,"href":"https:\/\/prizrenpost.com\/al\/wp-json\/wp\/v2\/users\/1"}],"replies":[{"embeddable":true,"href":"https:\/\/prizrenpost.com\/al\/wp-json\/wp\/v2\/comments?post=107801"}],"version-history":[{"count":0,"href":"https:\/\/prizrenpost.com\/al\/wp-json\/wp\/v2\/posts\/107801\/revisions"}],"wp:featuredmedia":[{"embeddable":true,"href":"https:\/\/prizrenpost.com\/al\/wp-json\/wp\/v2\/media\/94304"}],"wp:attachment":[{"href":"https:\/\/prizrenpost.com\/al\/wp-json\/wp\/v2\/media?parent=107801"}],"wp:term":[{"taxonomy":"category","embeddable":true,"href":"https:\/\/prizrenpost.com\/al\/wp-json\/wp\/v2\/categories?post=107801"},{"taxonomy":"post_tag","embeddable":true,"href":"https:\/\/prizrenpost.com\/al\/wp-json\/wp\/v2\/tags?post=107801"}],"curies":[{"name":"wp","href":"https:\/\/api.w.org\/{rel}","templated":true}]}}