{"id":107816,"date":"2026-04-27T10:55:15","date_gmt":"2026-04-27T07:55:15","guid":{"rendered":"https:\/\/prizrenpost.com\/al\/aktakuze-ndaj-personit-qe-demtoi-flamurin-e-turqise-ne-mitrovice\/"},"modified":"2026-04-27T10:55:15","modified_gmt":"2026-04-27T07:55:15","slug":"aktakuze-ndaj-personit-qe-demtoi-flamurin-e-turqise-ne-mitrovice","status":"publish","type":"post","link":"https:\/\/prizrenpost.com\/al\/aktakuze-ndaj-personit-qe-demtoi-flamurin-e-turqise-ne-mitrovice\/","title":{"rendered":"Aktakuz\u00eb ndaj personit q\u00eb d\u00ebmtoi flamurin e Turqis\u00eb n\u00eb Mitrovic\u00eb"},"content":{"rendered":"<figure class=\"post-featured-image\"><img decoding=\"async\" src=\"https:\/\/prizrenpost.com\/al\/wp-content\/uploads\/2026\/01\/prizrenpostog-og.jpg\" alt=\"Aktakuz\u00eb ndaj personit q\u00eb d\u00ebmtoi flamurin e Turqis\u00eb n\u00eb Mitrovic\u00eb\"\/><\/figure>\n<p>Prokuroria Speciale e Kosov\u00ebs ka ngritur aktakuz\u00eb ndaj D.Z p\u00ebr kryerjen e veprave penale \u201cNxitja e p\u00ebr\u00e7arjes dhe mosdurimit\u201d dhe \u201cMbajtja n\u00eb pron\u00ebsi, kontroll ose posedim i paautorizuar i arm\u00ebve\u201d.<\/p>\n<p>Sipas aktakuz\u00ebs, m\u00eb 05.03.2026, rreth or\u00ebs 02:00, n\u00eb sheshin \u201cAdem Jashari\u201d n\u00eb Mitrovic\u00eb, i pandehuri D.Z. ka nd\u00ebrmarr\u00eb veprime konkrete me q\u00ebllim t\u00eb nxitjes t\u00eb urrejtjes dhe mosdurimit q\u00eb shkaktojn\u00eb prishjen e rendit publik.<\/p>\n<p>\u201cGjat\u00eb nj\u00eb aktiviteti publik t\u00eb organizuar me rastin e iftarit n\u00eb muajin e Ramazanit, i dyshuari, duke p\u00ebrdorur nj\u00eb mjet t\u00eb mpreht\u00eb, ka d\u00ebmtuar flamurin komb\u00ebtar t\u00eb Republik\u00ebs s\u00eb Turqis\u00eb dhe ka shprehur publikisht fyerje ndaj k\u00ebtij simboli. Po ashtu, nga nj\u00eb dat\u00eb e pacaktuar deri m\u00eb 12.03.2026, i pandehuri, n\u00eb kund\u00ebrshtim me ligjin n\u00eb fuqi dhe pa autorizimin p\u00ebrkat\u00ebs, ka poseduar nj\u00eb arm\u00eb dhe municion\u201d, thuhet n\u00eb komunikat\u00eb.<\/p>\n<hr style=\"margin:30px 0\"\/>\n<p style=\"font-size:13px;color:#666\">Burimi: <strong>mesazhi<\/strong><\/p>\n","protected":false},"excerpt":{"rendered":"<p>Prokuroria Speciale e Kosov\u00ebs ka ngritur aktakuz\u00eb ndaj D.Z p\u00ebr kryerjen e veprave penale \u201cNxitja e p\u00ebr\u00e7arjes dhe mosdurimit\u201d dhe \u201cMbajtja n\u00eb pron\u00ebsi, kontroll ose posedim i paautorizuar i arm\u00ebve\u201d. Sipas aktakuz\u00ebs, m\u00eb 05.03.2026, rreth or\u00ebs 02:00, n\u00eb sheshin \u201cAdem Jashari\u201d n\u00eb Mitrovic\u00eb, i pandehuri D.Z. ka nd\u00ebrmarr\u00eb veprime konkrete me q\u00ebllim t\u00eb nxitjes t\u00eb [&hellip;]<\/p>\n","protected":false},"author":1,"featured_media":94304,"comment_status":"open","ping_status":"open","sticky":false,"template":"","format":"standard","meta":{"footnotes":""},"categories":[14],"tags":[3803],"class_list":["post-107816","post","type-post","status-publish","format-standard","has-post-thumbnail","hentry","category-kombetare","tag-aktuale"],"_links":{"self":[{"href":"https:\/\/prizrenpost.com\/al\/wp-json\/wp\/v2\/posts\/107816","targetHints":{"allow":["GET"]}}],"collection":[{"href":"https:\/\/prizrenpost.com\/al\/wp-json\/wp\/v2\/posts"}],"about":[{"href":"https:\/\/prizrenpost.com\/al\/wp-json\/wp\/v2\/types\/post"}],"author":[{"embeddable":true,"href":"https:\/\/prizrenpost.com\/al\/wp-json\/wp\/v2\/users\/1"}],"replies":[{"embeddable":true,"href":"https:\/\/prizrenpost.com\/al\/wp-json\/wp\/v2\/comments?post=107816"}],"version-history":[{"count":0,"href":"https:\/\/prizrenpost.com\/al\/wp-json\/wp\/v2\/posts\/107816\/revisions"}],"wp:featuredmedia":[{"embeddable":true,"href":"https:\/\/prizrenpost.com\/al\/wp-json\/wp\/v2\/media\/94304"}],"wp:attachment":[{"href":"https:\/\/prizrenpost.com\/al\/wp-json\/wp\/v2\/media?parent=107816"}],"wp:term":[{"taxonomy":"category","embeddable":true,"href":"https:\/\/prizrenpost.com\/al\/wp-json\/wp\/v2\/categories?post=107816"},{"taxonomy":"post_tag","embeddable":true,"href":"https:\/\/prizrenpost.com\/al\/wp-json\/wp\/v2\/tags?post=107816"}],"curies":[{"name":"wp","href":"https:\/\/api.w.org\/{rel}","templated":true}]}}