{"id":107818,"date":"2026-04-27T10:55:32","date_gmt":"2026-04-27T07:55:32","guid":{"rendered":"https:\/\/prizrenpost.com\/al\/netanyahu-kerkon-kurban-per-deshtimet-ne-liban-dhe-rezultatet-e-pjesshme-ne-iran\/"},"modified":"2026-04-27T10:55:32","modified_gmt":"2026-04-27T07:55:32","slug":"netanyahu-kerkon-kurban-per-deshtimet-ne-liban-dhe-rezultatet-e-pjesshme-ne-iran","status":"publish","type":"post","link":"https:\/\/prizrenpost.com\/al\/netanyahu-kerkon-kurban-per-deshtimet-ne-liban-dhe-rezultatet-e-pjesshme-ne-iran\/","title":{"rendered":"Netanyahu k\u00ebrkon \u201ckurban\u201d p\u00ebr d\u00ebshtimet n\u00eb Liban dhe rezultatet e pjesshme n\u00eb Iran"},"content":{"rendered":"<figure class=\"post-featured-image\"><img decoding=\"async\" src=\"https:\/\/prizrenpost.com\/al\/wp-content\/uploads\/2026\/04\/thumbs_b_c_5dd57399a2b4f11f2c933a397372c74e.jpg\" alt=\"Netanyahu k\u00ebrkon \u201ckurban\u201d p\u00ebr d\u00ebshtimet n\u00eb Liban dhe rezultatet e pjesshme n\u00eb Iran\"\/><\/figure>\n<p>Zyrtar\u00eb t\u00eb lart\u00eb t\u00eb ushtris\u00eb izraelite akuzuan kryeministrin Benjamin Netanyahu se po k\u00ebrkonte nj\u00eb fajtor p\u00ebr d\u00ebshtimet e Izraelit n\u00eb Liban dhe rezultatet e pjesshme t\u00eb konfrontimit t\u00eb tij me Iranin, raportoi t\u00eb diel\u00ebn e p\u00ebrditshmja &#8220;Israel Hayom&#8221;, transmeton Anadolu.<\/p>\n<p>Zyrtar\u00ebt than\u00eb se pretendimi i Netanyahut se ai kishte udh\u00ebzuar ushtrin\u00eb t\u00eb &#8220;p\u00ebrgjigjej me forc\u00eb&#8221; ndaj sulmeve t\u00eb Hezbollahut n\u00eb Liban ishte thjesht nj\u00eb shfaqje politike q\u00eb synonte leht\u00ebsimin e presionit t\u00eb brendsh\u00ebm, pa asnj\u00eb ndryshim real n\u00eb direktivat ushtarake.<\/p>\n<p>Raporti tha se Netanyahu njoftoi t\u00eb shtun\u00ebn von\u00eb se ai kishte urdh\u00ebruar ushtrin\u00eb izraelite t\u00eb godiste objektivat e Hezbollahut &#8220;me forc\u00eb&#8221; pas shkeljeve t\u00eb p\u00ebrs\u00ebritura t\u00eb arm\u00ebpushimit dhe sulmeve nga Libani. Megjithat\u00eb, zyrtar\u00eb t\u00eb lart\u00eb t\u00eb ushtris\u00eb than\u00eb se sulmet q\u00eb pasuan ishin rutin\u00eb dhe t\u00eb kryera sipas t\u00eb nj\u00ebjtave rregulla ekzistuese t\u00eb angazhimit, t\u00eb kufizuara n\u00eb jug t\u00eb Libanit dhe pa ndonj\u00eb p\u00ebrshkall\u00ebzim real.<\/p>\n<p>Ata e p\u00ebrshkruan deklarat\u00ebn e Netanyahut si nj\u00eb &#8220;perde tymi&#8221;, duke theksuar se nuk kishte pasur asnj\u00eb ndryshim n\u00eb urdhrat e ushtris\u00eb dhe se operacionet ushtarake po vazhdonin tamam si m\u00eb par\u00eb. Zyrtar\u00ebt than\u00eb se Netanyahu po p\u00ebrpiqej ta portretizonte ushtrin\u00eb si p\u00ebrgjegj\u00ebse p\u00ebr d\u00ebshtimin n\u00eb arritjen e rezultateve q\u00eb kishte premtuar nd\u00ebrsa n\u00eb realitet, ushtria po vepronte n\u00eb m\u00ebnyr\u00eb strikte sipas udh\u00ebzimeve nga udh\u00ebheqja politike.<\/p>\n<p>Ata shtuan se operacionet izraelite n\u00eb Liban mbeten n\u00eb m\u00ebnyr\u00eb efektive t\u00eb kufizuara nga udh\u00ebzimet e p\u00ebrcaktuara nga presidenti i SHBA-s\u00eb, Donald Trump, i cili njoftoi arm\u00ebpushimin n\u00eb Liban dhe m\u00eb von\u00eb e zgjati at\u00eb me tre jav\u00eb t\u00eb tjera.<\/p>\n<p>Raporti tha se frustrimi po rritet brenda ushtris\u00eb dhe establishmentit m\u00eb t\u00eb gjer\u00eb t\u00eb siguris\u00eb p\u00ebr at\u00eb q\u00eb zyrtar\u00ebt e p\u00ebrshkruan si p\u00ebrpjekje t\u00eb Netanyahut p\u00ebr t\u00eb zhvendosur p\u00ebrgjegj\u00ebsin\u00eb p\u00ebr rezultatin zhg\u00ebnjyes n\u00eb Liban dhe rezultatin e paplot\u00eb t\u00eb konfrontimit me Iranin.<\/p>\n<p>Zyrtar\u00ebt paralajm\u00ebruan se modeli aktual i veprimeve t\u00eb kufizuara ushtarake i l\u00eb forcat izraelite t\u00eb ekspozuara ndaj sulmeve t\u00eb m\u00ebtejshme dhe nuk arrin t\u00eb ofroj\u00eb siguri p\u00ebr komunitetet veriore nd\u00ebrsa Hezbollahu vazhdon t\u00eb shfryt\u00ebzoj\u00eb kushtet e arm\u00ebpushimit dhe q\u00ebndrimin mbrojt\u00ebs t\u00eb trupave izraelite.<\/p>\n<hr style=\"margin:30px 0\"\/>\n<p style=\"font-size:13px;color:#666\">Burimi: <strong>mesazhi<\/strong><\/p>\n","protected":false},"excerpt":{"rendered":"<p>Zyrtar\u00eb t\u00eb lart\u00eb t\u00eb ushtris\u00eb izraelite akuzuan kryeministrin Benjamin Netanyahu se po k\u00ebrkonte nj\u00eb fajtor p\u00ebr d\u00ebshtimet e Izraelit n\u00eb Liban dhe rezultatet e pjesshme t\u00eb konfrontimit t\u00eb tij me Iranin, raportoi t\u00eb diel\u00ebn e p\u00ebrditshmja &#8220;Israel Hayom&#8221;, transmeton Anadolu. Zyrtar\u00ebt than\u00eb se pretendimi i Netanyahut se ai kishte udh\u00ebzuar ushtrin\u00eb t\u00eb &#8220;p\u00ebrgjigjej me forc\u00eb&#8221; [&hellip;]<\/p>\n","protected":false},"author":1,"featured_media":107817,"comment_status":"open","ping_status":"open","sticky":false,"template":"","format":"standard","meta":{"footnotes":""},"categories":[24],"tags":[3803],"class_list":["post-107818","post","type-post","status-publish","format-standard","has-post-thumbnail","hentry","category-bote","tag-aktuale"],"_links":{"self":[{"href":"https:\/\/prizrenpost.com\/al\/wp-json\/wp\/v2\/posts\/107818","targetHints":{"allow":["GET"]}}],"collection":[{"href":"https:\/\/prizrenpost.com\/al\/wp-json\/wp\/v2\/posts"}],"about":[{"href":"https:\/\/prizrenpost.com\/al\/wp-json\/wp\/v2\/types\/post"}],"author":[{"embeddable":true,"href":"https:\/\/prizrenpost.com\/al\/wp-json\/wp\/v2\/users\/1"}],"replies":[{"embeddable":true,"href":"https:\/\/prizrenpost.com\/al\/wp-json\/wp\/v2\/comments?post=107818"}],"version-history":[{"count":0,"href":"https:\/\/prizrenpost.com\/al\/wp-json\/wp\/v2\/posts\/107818\/revisions"}],"wp:featuredmedia":[{"embeddable":true,"href":"https:\/\/prizrenpost.com\/al\/wp-json\/wp\/v2\/media\/107817"}],"wp:attachment":[{"href":"https:\/\/prizrenpost.com\/al\/wp-json\/wp\/v2\/media?parent=107818"}],"wp:term":[{"taxonomy":"category","embeddable":true,"href":"https:\/\/prizrenpost.com\/al\/wp-json\/wp\/v2\/categories?post=107818"},{"taxonomy":"post_tag","embeddable":true,"href":"https:\/\/prizrenpost.com\/al\/wp-json\/wp\/v2\/tags?post=107818"}],"curies":[{"name":"wp","href":"https:\/\/api.w.org\/{rel}","templated":true}]}}