{"id":107828,"date":"2026-04-27T13:00:11","date_gmt":"2026-04-27T10:00:11","guid":{"rendered":"https:\/\/prizrenpost.com\/al\/leo-qortim-peshkopeve-gjermane-per-bekimin-e-homoseksualeve\/"},"modified":"2026-04-27T13:00:11","modified_gmt":"2026-04-27T10:00:11","slug":"leo-qortim-peshkopeve-gjermane-per-bekimin-e-homoseksualeve","status":"publish","type":"post","link":"https:\/\/prizrenpost.com\/al\/leo-qortim-peshkopeve-gjermane-per-bekimin-e-homoseksualeve\/","title":{"rendered":"Leo, qortim peshkop\u00ebve gjerman\u00eb p\u00ebr bekimin e homoseksual\u00ebve"},"content":{"rendered":"<figure class=\"post-featured-image\"><img decoding=\"async\" src=\"https:\/\/prizrenpost.com\/al\/wp-content\/uploads\/2026\/04\/Papa-amerikan-i-prere-kunder-te-paudheve-seksuale.jpg\" alt=\"Leo, qortim peshkop\u00ebve gjerman\u00eb p\u00ebr bekimin e homoseksual\u00ebve\"\/><\/figure>\n<p><em>Papa amerikan, i prer\u00eb kund\u00ebr t\u00eb paudh\u00ebv\u00eb seksual\u00eb<br \/>\n<\/em><br \/>\nPapa Leo XIV ka qortuar publikisht peshkop\u00ebt gjerman\u00eb p\u00ebr udh\u00ebzimet q\u00eb lejojn\u00eb \u00e7iftet e t\u00eb nj\u00ebjtit seks t\u00eb marrin bekime kishtare.<\/p>\n<p>\u201cSelia e Shenjt\u00eb ka folur tashm\u00eb me peshkop\u00ebt gjerman\u00eb \u2026 dhe e ka b\u00ebr\u00eb t\u00eb qart\u00eb se nuk pajtohemi me bekimin e formalizuar t\u00eb \u00e7ifteve, n\u00eb k\u00ebt\u00eb rast \u00e7ifteve homoseksuale ose \u00e7ifteve n\u00eb situata t\u00eb parregullta, p\u00ebrtej asaj q\u00eb, n\u00ebse do, Papa Fran\u00e7esku ka lejuar shprehimisht duke th\u00ebn\u00eb se t\u00eb gjith\u00eb njer\u00ebzit duhet t\u00eb marrin nj\u00eb bekim,\u201d tha Leo.<\/p>\n<p>Kryepeshkopi i Mynih-Freising, Kardinali Reinhard Marx, miratoi bekimin e \u00e7ifteve t\u00eb t\u00eb nj\u00ebjtit seks n\u00eb kryedioqez\u00ebn e tij n\u00eb fillim t\u00eb k\u00ebsaj jave.<\/p>\n<p>Pozicioni i Marx-it bazohej n\u00eb udh\u00ebzimet e l\u00ebshuara nga Konferenca e Peshkop\u00ebve Gjerman\u00eb dhe Komiteti Qendror i Katolik\u00ebve n\u00eb Gjermani, t\u00eb cilat konsideroheshin n\u00eb p\u00ebrputhje me pik\u00ebpamjet e Papa Fran\u00e7eskut t\u00eb m\u00ebparsh\u00ebm.<\/p>\n<p>Megjithat\u00eb, pasardh\u00ebsi i tij Leo, papa i par\u00eb nga Shtetet e Bashkuara, konsiderohet m\u00eb konservator.<\/p>\n<p>Gjat\u00eb fluturimit p\u00ebr n\u00eb sht\u00ebpi nga Guinea Ekuatoriale, Lav u tha gazetar\u00ebve se \u201cuniteti ose ndarja nuk duhet t\u00eb sillen rreth \u00e7\u00ebshtjeve seksuale\u201c, raporton dpa.<\/p>\n<p>Ai theksoi se \u201cka \u00e7\u00ebshtje shum\u00eb m\u00eb t\u00eb m\u00ebdha dhe m\u00eb t\u00eb r\u00ebnd\u00ebsishme si drejt\u00ebsia, barazia, liria e burrit dhe gruas, liria e fes\u00eb, t\u00eb cilat t\u00eb gjitha duhet t\u00eb ken\u00eb p\u00ebrpar\u00ebsi n\u00eb lidhje me at\u00eb \u00e7\u00ebshtje specifike\u201d.<\/p>\n<p>Leo deklaroi se \u201cshprehja e njohur e Fran\u00e7eskut \u00ebsht\u00eb \u2018tuti, tuti, tuti&#8217;\u201d \u2013 q\u00eb do t\u00eb thot\u00eb \u2018t\u00eb gjith\u00eb, t\u00eb gjith\u00eb, t\u00eb gjith\u00eb\u2019, nj\u00eb shprehje e besimit t\u00eb Kish\u00ebs se t\u00eb gjith\u00eb jan\u00eb t\u00eb mir\u00ebpritur, se t\u00eb gjith\u00eb jan\u00eb t\u00eb thirrur t\u00eb ndjekin Jezusin dhe se t\u00eb gjith\u00eb jan\u00eb t\u00eb thirrur p\u00ebr transformim n\u00eb jet\u00ebn e tyre\u201d.<\/p>\n<p>\u201cDuke shkuar p\u00ebrtej k\u00ebsaj sot, mendoj se kjo tem\u00eb mund t\u00eb shkaktoj\u00eb m\u00eb shum\u00eb p\u00ebr\u00e7arje sesa unitet\u201d, shtoi Papa. \/tesheshi.com\/<\/p>\n<hr style=\"margin:30px 0\"\/>\n<p style=\"font-size:13px;color:#666\">Burimi: <strong>mesazhi<\/strong><\/p>\n","protected":false},"excerpt":{"rendered":"<p>Papa amerikan, i prer\u00eb kund\u00ebr t\u00eb paudh\u00ebv\u00eb seksual\u00eb Papa Leo XIV ka qortuar publikisht peshkop\u00ebt gjerman\u00eb p\u00ebr udh\u00ebzimet q\u00eb lejojn\u00eb \u00e7iftet e t\u00eb nj\u00ebjtit seks t\u00eb marrin bekime kishtare. \u201cSelia e Shenjt\u00eb ka folur tashm\u00eb me peshkop\u00ebt gjerman\u00eb \u2026 dhe e ka b\u00ebr\u00eb t\u00eb qart\u00eb se nuk pajtohemi me bekimin e formalizuar t\u00eb \u00e7ifteve, n\u00eb [&hellip;]<\/p>\n","protected":false},"author":1,"featured_media":107827,"comment_status":"open","ping_status":"open","sticky":false,"template":"","format":"standard","meta":{"footnotes":""},"categories":[24],"tags":[3803],"class_list":["post-107828","post","type-post","status-publish","format-standard","has-post-thumbnail","hentry","category-bote","tag-aktuale"],"_links":{"self":[{"href":"https:\/\/prizrenpost.com\/al\/wp-json\/wp\/v2\/posts\/107828","targetHints":{"allow":["GET"]}}],"collection":[{"href":"https:\/\/prizrenpost.com\/al\/wp-json\/wp\/v2\/posts"}],"about":[{"href":"https:\/\/prizrenpost.com\/al\/wp-json\/wp\/v2\/types\/post"}],"author":[{"embeddable":true,"href":"https:\/\/prizrenpost.com\/al\/wp-json\/wp\/v2\/users\/1"}],"replies":[{"embeddable":true,"href":"https:\/\/prizrenpost.com\/al\/wp-json\/wp\/v2\/comments?post=107828"}],"version-history":[{"count":0,"href":"https:\/\/prizrenpost.com\/al\/wp-json\/wp\/v2\/posts\/107828\/revisions"}],"wp:featuredmedia":[{"embeddable":true,"href":"https:\/\/prizrenpost.com\/al\/wp-json\/wp\/v2\/media\/107827"}],"wp:attachment":[{"href":"https:\/\/prizrenpost.com\/al\/wp-json\/wp\/v2\/media?parent=107828"}],"wp:term":[{"taxonomy":"category","embeddable":true,"href":"https:\/\/prizrenpost.com\/al\/wp-json\/wp\/v2\/categories?post=107828"},{"taxonomy":"post_tag","embeddable":true,"href":"https:\/\/prizrenpost.com\/al\/wp-json\/wp\/v2\/tags?post=107828"}],"curies":[{"name":"wp","href":"https:\/\/api.w.org\/{rel}","templated":true}]}}