{"id":107830,"date":"2026-04-27T13:00:22","date_gmt":"2026-04-27T10:00:22","guid":{"rendered":"https:\/\/prizrenpost.com\/al\/rilind-nivokazi-ia-jep-edhe-nje-sinjal-franco-fodes-perfshihet-ne-formacionin-e-javes-ne-zvicer\/"},"modified":"2026-04-27T13:00:22","modified_gmt":"2026-04-27T10:00:22","slug":"rilind-nivokazi-ia-jep-edhe-nje-sinjal-franco-fodes-perfshihet-ne-formacionin-e-javes-ne-zvicer","status":"publish","type":"post","link":"https:\/\/prizrenpost.com\/al\/rilind-nivokazi-ia-jep-edhe-nje-sinjal-franco-fodes-perfshihet-ne-formacionin-e-javes-ne-zvicer\/","title":{"rendered":"Rilind Nivokazi ia jep edhe nj\u00eb sinjal Franco Fod\u00ebs, p\u00ebrfshihet n\u00eb formacionin e jav\u00ebs n\u00eb Zvic\u00ebr"},"content":{"rendered":"<figure class=\"post-featured-image\"><img decoding=\"async\" src=\"https:\/\/prizrenpost.com\/al\/wp-content\/uploads\/2026\/04\/NIVO-594x600-1.jpg\" alt=\"Rilind Nivokazi ia jep edhe nj\u00eb sinjal Franco Fod\u00ebs, p\u00ebrfshihet n\u00eb formacionin e jav\u00ebs n\u00eb Zvic\u00ebr\"\/><\/figure>\n<p>Rilind Nivokazi po vazhdon m\u00eb form\u00eb t\u00eb jasht\u00ebzanshme n\u00eb Superlig\u00ebn e Zvicr\u00ebs.<\/p>\n<p>Futbollisti kosovar ka qen\u00eb protagonist edhe n\u00eb xhiron e 34-t t\u00eb kampionatit zviceran, shkruan \u201cGazeta Express\u201d.<\/p>\n<p>26-vje\u00e7ari e sh\u00ebnoi golin e par\u00eb t\u00eb Sionit n\u00eb fitoren 2:0 ndaj Baselit n\u00eb udh\u00ebtim n\u00eb fundjav\u00ebn q\u00eb shkoi.<\/p>\n<p>P\u00ebr k\u00ebt\u00eb, futbollisti i lindur n\u00eb Peruggia t\u00eb Italis\u00eb u p\u00ebrfshi n\u00eb ekipin ideal t\u00eb jav\u00ebs n\u00eb Zvic\u00ebr.<\/p>\n<p>Ai i prin sulmit, nd\u00ebrsa u vler\u00ebsua me not\u00ebn 7.9 nga faqja e specializuar p\u00ebr vler\u00ebsime \u2013 Sofascore.<\/p>\n<p>Nivokazi, i cili \u00ebsht\u00eb n\u00eb dispozicion t\u00eb Komb\u00ebtares s\u00eb Kosov\u00ebs, por q\u00eb ende nuk po merr ftes\u00eb nga selektori Franco Foda, i ka zhvilluar 34 ndeshje n\u00eb Superlig\u00ebn zvicerane n\u00eb k\u00ebt\u00eb sezon, nd\u00ebrsa i ka realizuar 13 gola dhe i ka b\u00ebr\u00eb 3 asistime.\/Express<\/p>\n<hr style=\"margin:30px 0\"\/>\n<p style=\"font-size:13px;color:#666\">Burimi: <strong>04online<\/strong><\/p>\n","protected":false},"excerpt":{"rendered":"<p>Rilind Nivokazi po vazhdon m\u00eb form\u00eb t\u00eb jasht\u00ebzanshme n\u00eb Superlig\u00ebn e Zvicr\u00ebs. Futbollisti kosovar ka qen\u00eb protagonist edhe n\u00eb xhiron e 34-t t\u00eb kampionatit zviceran, shkruan \u201cGazeta Express\u201d. 26-vje\u00e7ari e sh\u00ebnoi golin e par\u00eb t\u00eb Sionit n\u00eb fitoren 2:0 ndaj Baselit n\u00eb udh\u00ebtim n\u00eb fundjav\u00ebn q\u00eb shkoi. P\u00ebr k\u00ebt\u00eb, futbollisti i lindur n\u00eb Peruggia t\u00eb [&hellip;]<\/p>\n","protected":false},"author":1,"featured_media":107829,"comment_status":"open","ping_status":"open","sticky":false,"template":"","format":"standard","meta":{"footnotes":""},"categories":[7],"tags":[],"class_list":["post-107830","post","type-post","status-publish","format-standard","has-post-thumbnail","hentry","category-sport"],"_links":{"self":[{"href":"https:\/\/prizrenpost.com\/al\/wp-json\/wp\/v2\/posts\/107830","targetHints":{"allow":["GET"]}}],"collection":[{"href":"https:\/\/prizrenpost.com\/al\/wp-json\/wp\/v2\/posts"}],"about":[{"href":"https:\/\/prizrenpost.com\/al\/wp-json\/wp\/v2\/types\/post"}],"author":[{"embeddable":true,"href":"https:\/\/prizrenpost.com\/al\/wp-json\/wp\/v2\/users\/1"}],"replies":[{"embeddable":true,"href":"https:\/\/prizrenpost.com\/al\/wp-json\/wp\/v2\/comments?post=107830"}],"version-history":[{"count":0,"href":"https:\/\/prizrenpost.com\/al\/wp-json\/wp\/v2\/posts\/107830\/revisions"}],"wp:featuredmedia":[{"embeddable":true,"href":"https:\/\/prizrenpost.com\/al\/wp-json\/wp\/v2\/media\/107829"}],"wp:attachment":[{"href":"https:\/\/prizrenpost.com\/al\/wp-json\/wp\/v2\/media?parent=107830"}],"wp:term":[{"taxonomy":"category","embeddable":true,"href":"https:\/\/prizrenpost.com\/al\/wp-json\/wp\/v2\/categories?post=107830"},{"taxonomy":"post_tag","embeddable":true,"href":"https:\/\/prizrenpost.com\/al\/wp-json\/wp\/v2\/tags?post=107830"}],"curies":[{"name":"wp","href":"https:\/\/api.w.org\/{rel}","templated":true}]}}