{"id":107832,"date":"2026-04-27T13:15:30","date_gmt":"2026-04-27T10:15:30","guid":{"rendered":"https:\/\/prizrenpost.com\/al\/aksident-i-rende-ne-afersi-te-kazermes-se-fsk-se-ne-gjilan\/"},"modified":"2026-04-27T13:15:30","modified_gmt":"2026-04-27T10:15:30","slug":"aksident-i-rende-ne-afersi-te-kazermes-se-fsk-se-ne-gjilan","status":"publish","type":"post","link":"https:\/\/prizrenpost.com\/al\/aksident-i-rende-ne-afersi-te-kazermes-se-fsk-se-ne-gjilan\/","title":{"rendered":"Aksident i r\u00ebnd\u00eb n\u00eb af\u00ebrsi t\u00eb kazerm\u00ebs s\u00eb FSK-s\u00eb n\u00eb Gjilan"},"content":{"rendered":"<figure class=\"post-featured-image\"><img decoding=\"async\" src=\"https:\/\/prizrenpost.com\/al\/wp-content\/uploads\/2026\/04\/lajmi-i-fundit-policia-aksident-1-1.jpeg\" alt=\"Aksident i r\u00ebnd\u00eb n\u00eb af\u00ebrsi t\u00eb kazerm\u00ebs s\u00eb FSK-s\u00eb n\u00eb Gjilan\"\/><\/figure>\n<p>Nj\u00eb vetaksident \u00ebsht\u00eb regjistruar mbr\u00ebmjen e s\u00eb diel\u00ebs af\u00ebr kazerm\u00ebs s\u00eb FSK-s\u00eb n\u00eb Gjilan.<\/p>\n<p>Z\u00ebdh\u00ebn\u00ebsi i Policis\u00eb p\u00ebr rajonin e Gjilanit, Ismet Hashani tha p\u00ebr Klankosova.tv se nj\u00eb pasagjer \u00ebsht\u00eb l\u00ebnduar leht\u00eb.<\/p>\n<p>Sipas informacioneve t\u00eb policis\u00eb, dyshohet se vozit\u00ebsi ka humbur kontrollin duke u p\u00ebrplas jasht\u00eb rrug\u00ebs.<\/p>\n<p>I l\u00ebnduari me urgjenc\u00eb \u00ebsht\u00eb transportuar n\u00eb emergjenc\u00ebn e spitalit Rajonal n\u00eb Gjilan, derisa p\u00ebr rastin \u00ebsht\u00eb njoftuar prokurori i shtetit.<\/p>\n<p>Nj\u00ebsitet e trafikut rajonal jan\u00eb duke i hetuar rrethanat se si ka ardhur deri te ky aksident.<\/p>\n<hr style=\"margin:30px 0\"\/>\n<p style=\"font-size:13px;color:#666\">Burimi: <strong>klankosova<\/strong><\/p>\n","protected":false},"excerpt":{"rendered":"<p>Nj\u00eb vetaksident \u00ebsht\u00eb regjistruar mbr\u00ebmjen e s\u00eb diel\u00ebs af\u00ebr kazerm\u00ebs s\u00eb FSK-s\u00eb n\u00eb Gjilan. Z\u00ebdh\u00ebn\u00ebsi i Policis\u00eb p\u00ebr rajonin e Gjilanit, Ismet Hashani tha p\u00ebr Klankosova.tv se nj\u00eb pasagjer \u00ebsht\u00eb l\u00ebnduar leht\u00eb. Sipas informacioneve t\u00eb policis\u00eb, dyshohet se vozit\u00ebsi ka humbur kontrollin duke u p\u00ebrplas jasht\u00eb rrug\u00ebs. I l\u00ebnduari me urgjenc\u00eb \u00ebsht\u00eb transportuar n\u00eb emergjenc\u00ebn [&hellip;]<\/p>\n","protected":false},"author":1,"featured_media":107831,"comment_status":"open","ping_status":"open","sticky":false,"template":"","format":"standard","meta":{"footnotes":""},"categories":[17],"tags":[],"class_list":["post-107832","post","type-post","status-publish","format-standard","has-post-thumbnail","hentry","category-kronike"],"_links":{"self":[{"href":"https:\/\/prizrenpost.com\/al\/wp-json\/wp\/v2\/posts\/107832","targetHints":{"allow":["GET"]}}],"collection":[{"href":"https:\/\/prizrenpost.com\/al\/wp-json\/wp\/v2\/posts"}],"about":[{"href":"https:\/\/prizrenpost.com\/al\/wp-json\/wp\/v2\/types\/post"}],"author":[{"embeddable":true,"href":"https:\/\/prizrenpost.com\/al\/wp-json\/wp\/v2\/users\/1"}],"replies":[{"embeddable":true,"href":"https:\/\/prizrenpost.com\/al\/wp-json\/wp\/v2\/comments?post=107832"}],"version-history":[{"count":0,"href":"https:\/\/prizrenpost.com\/al\/wp-json\/wp\/v2\/posts\/107832\/revisions"}],"wp:featuredmedia":[{"embeddable":true,"href":"https:\/\/prizrenpost.com\/al\/wp-json\/wp\/v2\/media\/107831"}],"wp:attachment":[{"href":"https:\/\/prizrenpost.com\/al\/wp-json\/wp\/v2\/media?parent=107832"}],"wp:term":[{"taxonomy":"category","embeddable":true,"href":"https:\/\/prizrenpost.com\/al\/wp-json\/wp\/v2\/categories?post=107832"},{"taxonomy":"post_tag","embeddable":true,"href":"https:\/\/prizrenpost.com\/al\/wp-json\/wp\/v2\/tags?post=107832"}],"curies":[{"name":"wp","href":"https:\/\/api.w.org\/{rel}","templated":true}]}}