{"id":107834,"date":"2026-04-27T13:30:18","date_gmt":"2026-04-27T10:30:18","guid":{"rendered":"https:\/\/prizrenpost.com\/al\/australia-dhe-koreja-e-jugut-do-te-diskutojne-per-paqendrueshmerine-e-zinxhirit-te-furnizimit\/"},"modified":"2026-04-27T13:30:18","modified_gmt":"2026-04-27T10:30:18","slug":"australia-dhe-koreja-e-jugut-do-te-diskutojne-per-paqendrueshmerine-e-zinxhirit-te-furnizimit","status":"publish","type":"post","link":"https:\/\/prizrenpost.com\/al\/australia-dhe-koreja-e-jugut-do-te-diskutojne-per-paqendrueshmerine-e-zinxhirit-te-furnizimit\/","title":{"rendered":"Australia dhe Koreja e Jugut do t\u00eb diskutojn\u00eb p\u00ebr paq\u00ebndrueshm\u00ebrin\u00eb e zinxhirit t\u00eb furnizimit"},"content":{"rendered":"<figure class=\"post-featured-image\"><img decoding=\"async\" src=\"https:\/\/prizrenpost.com\/al\/wp-content\/uploads\/2026\/04\/thumbs_b_c_df38b6fa5df10ff3a7d02a1c8477e527.jpg\" alt=\"Australia dhe Koreja e Jugut do t\u00eb diskutojn\u00eb p\u00ebr paq\u00ebndrueshm\u00ebrin\u00eb e zinxhirit t\u00eb furnizimit\"\/><\/figure>\n<p>Ministrat e Jasht\u00ebm t\u00eb Australis\u00eb dhe Kores\u00eb s\u00eb Jugut do t\u00eb zhvillojn\u00eb bisedime k\u00ebt\u00eb jav\u00eb mbi p\u00ebrpjekjet e p\u00ebrbashk\u00ebta p\u00ebr t\u00eb adresuar paq\u00ebndrueshm\u00ebrin\u00eb e zinxhirit t\u00eb furnizimit dhe \u00e7\u00ebshtjet q\u00eb lidhen me rritjen e bashk\u00ebpunimit mbrojt\u00ebs n\u00eb mes t\u00eb kriz\u00ebs s\u00eb Lindjes s\u00eb Mesme, raportoi sot Agjencia e Lajmeve Yonhap, duke cituar Ministrin\u00eb e Jashtme t\u00eb Kores\u00eb s\u00eb Jugut, transmeton Anadolu.<\/p>\n<p>Ministri i Jasht\u00ebm i Kores\u00eb s\u00eb Jugut, Cho Hyun do t\u00eb takohet t\u00eb enjten me homologen e tij australiane Penny Wong p\u00ebr bisedime dypal\u00ebshe n\u00eb Seul. Pritet q\u00eb t\u00eb dyja pal\u00ebt t\u00eb riafirmojn\u00eb angazhimin e tyre p\u00ebr t\u00eb punuar s\u00eb bashku p\u00ebr t\u00eb adresuar sfidat e p\u00ebrbashk\u00ebta lidhur me situat\u00ebn aktuale n\u00eb Lindjen e Mesme dhe kriz\u00ebn globale t\u00eb energjis\u00eb, tha ministria n\u00eb nj\u00eb deklarat\u00eb.<\/p>\n<p>Ata gjithashtu do t\u00eb diskutojn\u00eb mbi p\u00ebrpjekjet p\u00ebr t\u00eb thelluar bashk\u00ebpunimin n\u00eb sektor\u00ebt e mbrojtjes dhe industris\u00eb s\u00eb mbrojtjes, shtoi ajo.<\/p>\n<p>N\u00eb nj\u00eb zhvillim t\u00eb lidhur me k\u00ebt\u00eb, qeveria e Kores\u00eb s\u00eb Jugut filloi t\u00eb shp\u00ebrndaj\u00eb sot ndihm\u00eb monetare p\u00ebr p\u00ebrfituesit e siguris\u00eb baz\u00eb t\u00eb jetes\u00ebs dhe grupet e tjera t\u00eb cenueshme si pjes\u00eb e p\u00ebrpjekjeve p\u00ebr t\u00eb leht\u00ebsuar v\u00ebshtir\u00ebsit\u00eb financiare t\u00eb shkaktuara nga rritja e \u00e7mimeve t\u00eb naft\u00ebs n\u00eb mes t\u00eb luft\u00ebs n\u00eb Lindjen e Mesme.<\/p>\n<p>Qeveria filloi t\u00eb pranoj\u00eb aplikime p\u00ebr fondet, t\u00eb cilat do t\u00eb ndajn\u00eb 550 mij\u00eb won (374 dollar\u00eb) p\u00ebr p\u00ebrfituesit e siguris\u00eb baz\u00eb t\u00eb jetes\u00ebs dhe 450 mij\u00eb won (306 dollar\u00eb) p\u00ebr person p\u00ebr familjet me nj\u00eb prind t\u00eb vet\u00ebm dhe ato pak mbi pragun e p\u00ebrfitimit t\u00eb ndihm\u00ebs sociale.<\/p>\n<hr style=\"margin:30px 0\"\/>\n<p style=\"font-size:13px;color:#666\">Burimi: <strong>mesazhi<\/strong><\/p>\n","protected":false},"excerpt":{"rendered":"<p>Ministrat e Jasht\u00ebm t\u00eb Australis\u00eb dhe Kores\u00eb s\u00eb Jugut do t\u00eb zhvillojn\u00eb bisedime k\u00ebt\u00eb jav\u00eb mbi p\u00ebrpjekjet e p\u00ebrbashk\u00ebta p\u00ebr t\u00eb adresuar paq\u00ebndrueshm\u00ebrin\u00eb e zinxhirit t\u00eb furnizimit dhe \u00e7\u00ebshtjet q\u00eb lidhen me rritjen e bashk\u00ebpunimit mbrojt\u00ebs n\u00eb mes t\u00eb kriz\u00ebs s\u00eb Lindjes s\u00eb Mesme, raportoi sot Agjencia e Lajmeve Yonhap, duke cituar Ministrin\u00eb e Jashtme [&hellip;]<\/p>\n","protected":false},"author":1,"featured_media":107833,"comment_status":"open","ping_status":"open","sticky":false,"template":"","format":"standard","meta":{"footnotes":""},"categories":[24],"tags":[3803],"class_list":["post-107834","post","type-post","status-publish","format-standard","has-post-thumbnail","hentry","category-bote","tag-aktuale"],"_links":{"self":[{"href":"https:\/\/prizrenpost.com\/al\/wp-json\/wp\/v2\/posts\/107834","targetHints":{"allow":["GET"]}}],"collection":[{"href":"https:\/\/prizrenpost.com\/al\/wp-json\/wp\/v2\/posts"}],"about":[{"href":"https:\/\/prizrenpost.com\/al\/wp-json\/wp\/v2\/types\/post"}],"author":[{"embeddable":true,"href":"https:\/\/prizrenpost.com\/al\/wp-json\/wp\/v2\/users\/1"}],"replies":[{"embeddable":true,"href":"https:\/\/prizrenpost.com\/al\/wp-json\/wp\/v2\/comments?post=107834"}],"version-history":[{"count":0,"href":"https:\/\/prizrenpost.com\/al\/wp-json\/wp\/v2\/posts\/107834\/revisions"}],"wp:featuredmedia":[{"embeddable":true,"href":"https:\/\/prizrenpost.com\/al\/wp-json\/wp\/v2\/media\/107833"}],"wp:attachment":[{"href":"https:\/\/prizrenpost.com\/al\/wp-json\/wp\/v2\/media?parent=107834"}],"wp:term":[{"taxonomy":"category","embeddable":true,"href":"https:\/\/prizrenpost.com\/al\/wp-json\/wp\/v2\/categories?post=107834"},{"taxonomy":"post_tag","embeddable":true,"href":"https:\/\/prizrenpost.com\/al\/wp-json\/wp\/v2\/tags?post=107834"}],"curies":[{"name":"wp","href":"https:\/\/api.w.org\/{rel}","templated":true}]}}