{"id":107835,"date":"2026-04-27T13:45:38","date_gmt":"2026-04-27T10:45:38","guid":{"rendered":"https:\/\/prizrenpost.com\/al\/kerkohet-per-lendim-te-lehte-trupor-policia-publikon-foton-e-ferizajasit\/"},"modified":"2026-04-27T13:45:38","modified_gmt":"2026-04-27T10:45:38","slug":"kerkohet-per-lendim-te-lehte-trupor-policia-publikon-foton-e-ferizajasit","status":"publish","type":"post","link":"https:\/\/prizrenpost.com\/al\/kerkohet-per-lendim-te-lehte-trupor-policia-publikon-foton-e-ferizajasit\/","title":{"rendered":"K\u00ebrkohet p\u00ebr l\u00ebndim t\u00eb leht\u00eb trupor, Policia publikon foton e ferizajasit \u00a0"},"content":{"rendered":"<figure class=\"post-featured-image\"><img decoding=\"async\" src=\"https:\/\/prizrenpost.com\/al\/wp-content\/uploads\/2026\/01\/prizrenpostvngj-og.jpg\" alt=\"K\u00ebrkohet p\u00ebr l\u00ebndim t\u00eb leht\u00eb trupor, Policia publikon foton e ferizajasit \u00a0\"\/><\/figure>\n<p>Policia n\u00eb Ferizaj po k\u00ebrkon ndihm\u00ebn e qytetar\u00ebve p\u00ebr t\u00eb identifikuar nj\u00eb person t\u00eb dyshuar p\u00ebr vepr\u00ebn penale \u201cL\u00ebndim i leht\u00eb trupor\u201d.<\/p>\n<p>Sipas njoftimit t\u00eb policis\u00eb, rasti ka ndodhur m\u00eb 10 dhjetor t\u00eb vitit t\u00eb kaluar n\u00eb rrug\u00ebn \u201cAhmet Ka\u00e7iku\u201d, n\u00eb af\u00ebrsi t\u00eb qendr\u00ebs tregtare The Village, transmeton Klankosova.tv.<\/p>\n<p>\u201cMe autorizim t\u00eb Prokurorit t\u00eb Shtetit, publikojm\u00eb fotografin\u00eb e personit t\u00eb dyshuar, i cili dyshohet t\u00eb jet\u00eb i p\u00ebrfshir\u00eb n\u00eb k\u00ebt\u00eb rast. Lusim t\u00eb gjith\u00eb qytetar\u00ebt q\u00eb, n\u00ebse kan\u00eb ndonj\u00eb informacion q\u00eb mund t\u00eb ndihmoj\u00eb n\u00eb identifikimin apo lokalizimin e k\u00ebtij personi, ta njoftojn\u00eb Policin\u00eb e Kosov\u00ebs p\u00ebrmes: Numrit emergjent 192. Stacionit m\u00eb t\u00eb af\u00ebrt policor apo aplikacionin digjital &#8221;Lajm\u00ebro policin\u00eb&#8221;. T\u00eb gjitha informacionet do t\u00eb trajtohen me konfidencialitet t\u00eb plot\u00eb\u201d.<\/p>\n<\/p>\n<hr style=\"margin:30px 0\"\/>\n<p style=\"font-size:13px;color:#666\">Burimi: <strong>klankosova<\/strong><\/p>\n","protected":false},"excerpt":{"rendered":"<p>Policia n\u00eb Ferizaj po k\u00ebrkon ndihm\u00ebn e qytetar\u00ebve p\u00ebr t\u00eb identifikuar nj\u00eb person t\u00eb dyshuar p\u00ebr vepr\u00ebn penale \u201cL\u00ebndim i leht\u00eb trupor\u201d. Sipas njoftimit t\u00eb policis\u00eb, rasti ka ndodhur m\u00eb 10 dhjetor t\u00eb vitit t\u00eb kaluar n\u00eb rrug\u00ebn \u201cAhmet Ka\u00e7iku\u201d, n\u00eb af\u00ebrsi t\u00eb qendr\u00ebs tregtare The Village, transmeton Klankosova.tv. \u201cMe autorizim t\u00eb Prokurorit t\u00eb Shtetit, [&hellip;]<\/p>\n","protected":false},"author":1,"featured_media":94317,"comment_status":"open","ping_status":"open","sticky":false,"template":"","format":"standard","meta":{"footnotes":""},"categories":[17],"tags":[],"class_list":["post-107835","post","type-post","status-publish","format-standard","has-post-thumbnail","hentry","category-kronike"],"_links":{"self":[{"href":"https:\/\/prizrenpost.com\/al\/wp-json\/wp\/v2\/posts\/107835","targetHints":{"allow":["GET"]}}],"collection":[{"href":"https:\/\/prizrenpost.com\/al\/wp-json\/wp\/v2\/posts"}],"about":[{"href":"https:\/\/prizrenpost.com\/al\/wp-json\/wp\/v2\/types\/post"}],"author":[{"embeddable":true,"href":"https:\/\/prizrenpost.com\/al\/wp-json\/wp\/v2\/users\/1"}],"replies":[{"embeddable":true,"href":"https:\/\/prizrenpost.com\/al\/wp-json\/wp\/v2\/comments?post=107835"}],"version-history":[{"count":0,"href":"https:\/\/prizrenpost.com\/al\/wp-json\/wp\/v2\/posts\/107835\/revisions"}],"wp:featuredmedia":[{"embeddable":true,"href":"https:\/\/prizrenpost.com\/al\/wp-json\/wp\/v2\/media\/94317"}],"wp:attachment":[{"href":"https:\/\/prizrenpost.com\/al\/wp-json\/wp\/v2\/media?parent=107835"}],"wp:term":[{"taxonomy":"category","embeddable":true,"href":"https:\/\/prizrenpost.com\/al\/wp-json\/wp\/v2\/categories?post=107835"},{"taxonomy":"post_tag","embeddable":true,"href":"https:\/\/prizrenpost.com\/al\/wp-json\/wp\/v2\/tags?post=107835"}],"curies":[{"name":"wp","href":"https:\/\/api.w.org\/{rel}","templated":true}]}}