{"id":107837,"date":"2026-04-27T14:15:09","date_gmt":"2026-04-27T11:15:09","guid":{"rendered":"https:\/\/prizrenpost.com\/al\/kurti-kerkon-presion-nderkombetar-ndaj-serbise-per-te-pagjeturit\/"},"modified":"2026-04-27T14:15:09","modified_gmt":"2026-04-27T11:15:09","slug":"kurti-kerkon-presion-nderkombetar-ndaj-serbise-per-te-pagjeturit","status":"publish","type":"post","link":"https:\/\/prizrenpost.com\/al\/kurti-kerkon-presion-nderkombetar-ndaj-serbise-per-te-pagjeturit\/","title":{"rendered":"Kurti k\u00ebrkon presion nd\u00ebrkomb\u00ebtar ndaj Serbis\u00eb p\u00ebr t\u00eb pagjeturit"},"content":{"rendered":"<figure class=\"post-featured-image\"><img decoding=\"async\" src=\"https:\/\/prizrenpost.com\/al\/wp-content\/uploads\/2026\/01\/prizrenpostog-og.jpg\" alt=\"Kurti k\u00ebrkon presion nd\u00ebrkomb\u00ebtar ndaj Serbis\u00eb p\u00ebr t\u00eb pagjeturit\"\/><\/figure>\n<p>Kryeministri, Albin Kurti, bashk\u00eb me n\u00ebn\u00eb Ferdonijen nga Gjakova, bashk\u00ebpun\u00ebtore nga Qeveria e Kuvendi i Kosov\u00ebs, kan\u00eb b\u00ebr\u00eb homazhe pran\u00eb monumentit, n\u00eb Dit\u00ebn e t\u00eb Pagjeturve.<\/p>\n<p>Kurti tha se \u201cKosova ende i k\u00ebrkon edhe 1565 persona q\u00eb figurojn\u00eb si t\u00eb pagjetur, derisa i ka b\u00ebr\u00eb thirrje faktorit nd\u00ebrkomb\u00ebtar q\u00eb t\u00eb shtoj\u00eb trysnin\u00eb ndaj Serbis\u00eb, p\u00ebr t\u00eb treguar t\u00eb v\u00ebrtet\u00ebn p\u00ebr t\u00eb zhdukurit.<\/p>\n<p>\u201cNe i b\u00ebjm\u00eb thirrje faktorit nd\u00ebrkomb\u00ebtar q\u00eb t\u00eb b\u00ebj\u00eb trysni mbi Beogradin zyrtar dhe t\u00eb zbardh\u00eb t\u00eb v\u00ebrtet\u00ebn p\u00ebr t\u00eb zhdukurit tan\u00eb, meqen\u00ebse ata e mbajn\u00eb p\u00ebrgjegj\u00ebsin\u00eb dhe ata e din\u00eb t\u00eb v\u00ebrtet\u00ebn. Jan\u00eb edhe 11 varreza masive, p\u00ebrve\u00e7 atyre pes\u00eb, q\u00eb tashm\u00eb jan\u00eb zbuluar e p\u00ebr t\u00eb cilat Serbia nuk jep informacion, sepse \u00ebsht\u00eb komunikuar edhe nga vet\u00eb ata publikisht se jan\u00eb 16 varreza masive gjithsej. E vet\u00ebm n\u00eb nj\u00ebr\u00ebn prej tyre q\u00eb \u00ebsht\u00eb zbuluar, n\u00eb Batajnic\u00eb i kemi 744 t\u00eb pagjetur t\u00eb zhvarrosur prej atje, nd\u00ebrsa gjithsej deri tani jan\u00eb rreth 1 mij\u00eb shqiptar\u00eb q\u00eb jan\u00eb zbuluar n\u00eb varrezat masive n\u00eb Serbi\u201d, tha Kurti.<\/p>\n<p>Kreu qeveritar deklaroi se faktori nd\u00ebrkomb\u00ebtar, evropian e amerikan duhet t\u2019i b\u00ebjn\u00eb m\u00eb shum\u00eb trysni Beogradit ashtu q\u00eb t\u00eb zbardhet e v\u00ebrteta e p\u00ebrgjegj\u00ebsit t t\u00eb dalin para gjyqit. Nd\u00ebrkoh\u00eb ai tha se ndon\u00ebse po b\u00ebhet pun\u00eb n\u00eb gjykimin e tyre, duhet t\u00eb b\u00ebhet edhe m\u00eb shum\u00eb, sepse d\u00ebshmitar\u00ebt, tha ai, po plaken, \u00e7ka sipas Kurtit e v\u00ebshtir\u00ebson p\u00ebrndjekjen dhe sjelljen e kriminel\u00ebve serb para drejt\u00ebsis\u00eb.<\/p>\n<p>Kreu i ekzekutivit tha se Komisioni Qeveritar p\u00ebr Personat e Zhdukur, Instituti i Mjek\u00ebsis\u00eb Ligjore, Policia e Kosov\u00ebs dhe t\u00eb gjitha institucionet e vendit, po b\u00ebjn\u00eb p\u00ebrpjekje maksimale p\u00ebr t\u00eb zbardhur fatin e t\u00eb zhdukurve.<\/p>\n<p>Ai tha se jan\u00eb edhe 11 varreza masive p\u00ebrve\u00e7 atyre pes\u00eb, q\u00eb tashm\u00eb jan\u00eb zbuluar e p\u00ebr t\u00eb cilat Serbia nuk jep informacion, sepse \u00ebsht\u00eb komunikuar edhe nga vet\u00eb ata publikisht se jan\u00eb 16 varreza masive gjithsej.<\/p>\n<hr style=\"margin:30px 0\"\/>\n<p style=\"font-size:13px;color:#666\">Burimi: <strong>mesazhi<\/strong><\/p>\n","protected":false},"excerpt":{"rendered":"<p>Kryeministri, Albin Kurti, bashk\u00eb me n\u00ebn\u00eb Ferdonijen nga Gjakova, bashk\u00ebpun\u00ebtore nga Qeveria e Kuvendi i Kosov\u00ebs, kan\u00eb b\u00ebr\u00eb homazhe pran\u00eb monumentit, n\u00eb Dit\u00ebn e t\u00eb Pagjeturve. Kurti tha se \u201cKosova ende i k\u00ebrkon edhe 1565 persona q\u00eb figurojn\u00eb si t\u00eb pagjetur, derisa i ka b\u00ebr\u00eb thirrje faktorit nd\u00ebrkomb\u00ebtar q\u00eb t\u00eb shtoj\u00eb trysnin\u00eb ndaj Serbis\u00eb, p\u00ebr [&hellip;]<\/p>\n","protected":false},"author":1,"featured_media":94304,"comment_status":"open","ping_status":"open","sticky":false,"template":"","format":"standard","meta":{"footnotes":""},"categories":[14],"tags":[3803],"class_list":["post-107837","post","type-post","status-publish","format-standard","has-post-thumbnail","hentry","category-kombetare","tag-aktuale"],"_links":{"self":[{"href":"https:\/\/prizrenpost.com\/al\/wp-json\/wp\/v2\/posts\/107837","targetHints":{"allow":["GET"]}}],"collection":[{"href":"https:\/\/prizrenpost.com\/al\/wp-json\/wp\/v2\/posts"}],"about":[{"href":"https:\/\/prizrenpost.com\/al\/wp-json\/wp\/v2\/types\/post"}],"author":[{"embeddable":true,"href":"https:\/\/prizrenpost.com\/al\/wp-json\/wp\/v2\/users\/1"}],"replies":[{"embeddable":true,"href":"https:\/\/prizrenpost.com\/al\/wp-json\/wp\/v2\/comments?post=107837"}],"version-history":[{"count":0,"href":"https:\/\/prizrenpost.com\/al\/wp-json\/wp\/v2\/posts\/107837\/revisions"}],"wp:featuredmedia":[{"embeddable":true,"href":"https:\/\/prizrenpost.com\/al\/wp-json\/wp\/v2\/media\/94304"}],"wp:attachment":[{"href":"https:\/\/prizrenpost.com\/al\/wp-json\/wp\/v2\/media?parent=107837"}],"wp:term":[{"taxonomy":"category","embeddable":true,"href":"https:\/\/prizrenpost.com\/al\/wp-json\/wp\/v2\/categories?post=107837"},{"taxonomy":"post_tag","embeddable":true,"href":"https:\/\/prizrenpost.com\/al\/wp-json\/wp\/v2\/tags?post=107837"}],"curies":[{"name":"wp","href":"https:\/\/api.w.org\/{rel}","templated":true}]}}