{"id":107841,"date":"2026-04-27T14:25:15","date_gmt":"2026-04-27T11:25:15","guid":{"rendered":"https:\/\/prizrenpost.com\/al\/kina-shpreh-shqetesim-serioz-per-aktin-industrial-te-be-se-zotohet-te-mbroje-te-drejtat-legjitime\/"},"modified":"2026-04-27T14:25:15","modified_gmt":"2026-04-27T11:25:15","slug":"kina-shpreh-shqetesim-serioz-per-aktin-industrial-te-be-se-zotohet-te-mbroje-te-drejtat-legjitime","status":"publish","type":"post","link":"https:\/\/prizrenpost.com\/al\/kina-shpreh-shqetesim-serioz-per-aktin-industrial-te-be-se-zotohet-te-mbroje-te-drejtat-legjitime\/","title":{"rendered":"Kina shpreh shqet\u00ebsim \u201cserioz\u201d p\u00ebr aktin industrial t\u00eb BE-s\u00eb, zotohet t\u00eb mbroj\u00eb t\u00eb drejtat \u201clegjitime\u201d"},"content":{"rendered":"<figure class=\"post-featured-image\"><img decoding=\"async\" src=\"https:\/\/prizrenpost.com\/al\/wp-content\/uploads\/2026\/04\/thumbs_b_c_6048a636af455f94e1469064d383ed2d.jpg\" alt=\"Kina shpreh shqet\u00ebsim \u201cserioz\u201d p\u00ebr aktin industrial t\u00eb BE-s\u00eb, zotohet t\u00eb mbroj\u00eb t\u00eb drejtat \u201clegjitime\u201d\"\/><\/figure>\n<p>Kina tha t\u00eb h\u00ebn\u00ebn se Akti i P\u00ebrshpejtuesit Industrial (IAA) i BE-s\u00eb paraqet pengesa &#8220;serioze&#8221; p\u00ebr investimet dhe p\u00ebrb\u00ebn &#8220;diskriminim institucional&#8221;, duke paralajm\u00ebruar se Pekini do t\u00eb marr\u00eb kund\u00ebrmasa p\u00ebr t\u00eb mbrojtur &#8220;fuqish\u00ebm&#8221; &#8220;t\u00eb drejtat dhe interesat e tij legjitime&#8221;, transmeton Anadolu.<\/p>\n<p>Nj\u00eb z\u00ebdh\u00ebn\u00ebs i Ministris\u00eb kineze t\u00eb Tregtis\u00eb tha se legjislacioni vendos k\u00ebrkesa t\u00eb shumta kufizuese p\u00ebr investimet e huaja n\u00eb kat\u00ebr industri strategjike n\u00eb zhvillim &#8211; bateri, automjete elektrike, fotovoltaik\u00eb dhe l\u00ebnd\u00eb t\u00eb para kritike &#8211; dhe p\u00ebrfshin klauzola p\u00ebrjashtuese t\u00eb origjin\u00ebs s\u00eb BE-s\u00eb n\u00eb prokurimin publik dhe politikat e mb\u00ebshtetjes publike, raportoi agjencia shtet\u00ebrore Xinhua News.<\/p>\n<p>I prezantuar n\u00eb mars, IAA synon t\u00eb rris\u00eb krijimin e vler\u00ebs n\u00eb BE, duke forcuar baz\u00ebn e saj industriale n\u00eb sfondin e &#8220;konkurrenc\u00ebs s\u00eb padrejt\u00eb globale&#8221; n\u00eb rritje dhe var\u00ebsis\u00eb n\u00eb rritje nga furnizuesit jo-BE n\u00eb sektor\u00ebt strategjik\u00eb.<\/p>\n<p>Pekini ka paraqitur zyrtarisht komente n\u00eb Komisionin Evropian, duke shprehur &#8220;q\u00ebndrimin dhe shqet\u00ebsimet serioze&#8221; mbi legjislacionin.<\/p>\n<p>N\u00eb komente, Kina argumentoi se akti p\u00ebrb\u00ebn diskriminim ndaj investitor\u00ebve kinez\u00eb dhe do t\u00eb ngadal\u00ebsoj\u00eb tranzicionin e gjelb\u00ebr t\u00eb BE-s\u00eb dhe do t\u00eb minoj\u00eb konkurrenc\u00ebn e drejt\u00eb n\u00eb tregun e BE-s\u00eb.<\/p>\n<p>Pekini i k\u00ebrkoi BE-s\u00eb t\u00eb heq\u00eb nga legjislacioni k\u00ebrkesat diskriminuese ndaj investitor\u00ebve t\u00eb huaj, k\u00ebrkesat p\u00ebr p\u00ebrmbajtje lokale, k\u00ebrkesat e detyrueshme p\u00ebr pron\u00ebsin\u00eb intelektuale dhe transferimin e teknologjis\u00eb, si dhe kufizimet e prokurimit publik.<\/p>\n<p>Z\u00ebdh\u00ebn\u00ebsi i Ministris\u00eb kineze t\u00eb Tregtis\u00eb tha se Kina \u00ebsht\u00eb e gatshme t\u00eb angazhohet n\u00eb dialog me BE-n\u00eb p\u00ebr k\u00ebt\u00eb \u00e7\u00ebshtje.<\/p>\n<p>&#8220;Megjithat\u00eb, n\u00ebse BE-ja i shp\u00ebrfill komentet e Kin\u00ebs dhe vazhdon me miratimin e legjislacionit, duke shkaktuar d\u00ebme n\u00eb interesat e kompanive kineze, Kina do t\u00eb marr\u00eb masa kund\u00ebr p\u00ebr t\u00eb mbrojtur me vendosm\u00ebri t\u00eb drejtat dhe interesat legjitime t\u00eb nd\u00ebrmarrjeve kineze&#8221;, tha z\u00ebdh\u00ebn\u00ebsi.<\/p>\n<hr style=\"margin:30px 0\"\/>\n<p style=\"font-size:13px;color:#666\">Burimi: <strong>mesazhi<\/strong><\/p>\n","protected":false},"excerpt":{"rendered":"<p>Kina tha t\u00eb h\u00ebn\u00ebn se Akti i P\u00ebrshpejtuesit Industrial (IAA) i BE-s\u00eb paraqet pengesa &#8220;serioze&#8221; p\u00ebr investimet dhe p\u00ebrb\u00ebn &#8220;diskriminim institucional&#8221;, duke paralajm\u00ebruar se Pekini do t\u00eb marr\u00eb kund\u00ebrmasa p\u00ebr t\u00eb mbrojtur &#8220;fuqish\u00ebm&#8221; &#8220;t\u00eb drejtat dhe interesat e tij legjitime&#8221;, transmeton Anadolu. Nj\u00eb z\u00ebdh\u00ebn\u00ebs i Ministris\u00eb kineze t\u00eb Tregtis\u00eb tha se legjislacioni vendos k\u00ebrkesa t\u00eb [&hellip;]<\/p>\n","protected":false},"author":1,"featured_media":107840,"comment_status":"open","ping_status":"open","sticky":false,"template":"","format":"standard","meta":{"footnotes":""},"categories":[24],"tags":[3803],"class_list":["post-107841","post","type-post","status-publish","format-standard","has-post-thumbnail","hentry","category-bote","tag-aktuale"],"_links":{"self":[{"href":"https:\/\/prizrenpost.com\/al\/wp-json\/wp\/v2\/posts\/107841","targetHints":{"allow":["GET"]}}],"collection":[{"href":"https:\/\/prizrenpost.com\/al\/wp-json\/wp\/v2\/posts"}],"about":[{"href":"https:\/\/prizrenpost.com\/al\/wp-json\/wp\/v2\/types\/post"}],"author":[{"embeddable":true,"href":"https:\/\/prizrenpost.com\/al\/wp-json\/wp\/v2\/users\/1"}],"replies":[{"embeddable":true,"href":"https:\/\/prizrenpost.com\/al\/wp-json\/wp\/v2\/comments?post=107841"}],"version-history":[{"count":0,"href":"https:\/\/prizrenpost.com\/al\/wp-json\/wp\/v2\/posts\/107841\/revisions"}],"wp:featuredmedia":[{"embeddable":true,"href":"https:\/\/prizrenpost.com\/al\/wp-json\/wp\/v2\/media\/107840"}],"wp:attachment":[{"href":"https:\/\/prizrenpost.com\/al\/wp-json\/wp\/v2\/media?parent=107841"}],"wp:term":[{"taxonomy":"category","embeddable":true,"href":"https:\/\/prizrenpost.com\/al\/wp-json\/wp\/v2\/categories?post=107841"},{"taxonomy":"post_tag","embeddable":true,"href":"https:\/\/prizrenpost.com\/al\/wp-json\/wp\/v2\/tags?post=107841"}],"curies":[{"name":"wp","href":"https:\/\/api.w.org\/{rel}","templated":true}]}}