{"id":107845,"date":"2026-04-27T14:40:14","date_gmt":"2026-04-27T11:40:14","guid":{"rendered":"https:\/\/prizrenpost.com\/al\/spiunja-serbe-jelena-gjukanoviq-denohet-me-6-vjet-burgim\/"},"modified":"2026-04-27T14:40:14","modified_gmt":"2026-04-27T11:40:14","slug":"spiunja-serbe-jelena-gjukanoviq-denohet-me-6-vjet-burgim","status":"publish","type":"post","link":"https:\/\/prizrenpost.com\/al\/spiunja-serbe-jelena-gjukanoviq-denohet-me-6-vjet-burgim\/","title":{"rendered":"Spiunja serbe Jelena Gjukanoviq d\u00ebnohet me 6 vjet burgim"},"content":{"rendered":"<figure class=\"post-featured-image\"><img decoding=\"async\" src=\"https:\/\/prizrenpost.com\/al\/wp-content\/uploads\/2026\/04\/678987920_966259522772231_3901823145055480454_n.jpg\" alt=\"Spiunja serbe Jelena Gjukanoviq d\u00ebnohet me 6 vjet burgim\"\/><\/figure>\n<p>N\u00eb Gjykata Themelore t\u00eb Prishtin\u00ebs \u00ebsht\u00eb shpallur aktgjykimi ndaj ish-pun\u00ebtores s\u00eb OSBE, Jelena Gjukanoviq, e cila \u00ebsht\u00eb d\u00ebnuar me 6 vjet burgim p\u00ebr vepr\u00ebn penale t\u00eb spiunazhit.<\/p>\n<p>N\u00eb fjal\u00ebn p\u00ebrfundimtare, n\u00eb k\u00ebt\u00eb rast q\u00eb konsiderohet si nj\u00eb nd\u00ebr m\u00eb t\u00eb r\u00ebnd\u00ebsishmit n\u00eb fush\u00ebn e siguris\u00eb q\u00eb \u00ebsht\u00eb trajtuar n\u00eb Kosov\u00eb.<\/p>\n<p>Dokumente dhe komunikime mes spiun\u00ebve serb\u00eb vazhdojn\u00eb t\u00eb shfaqin ndikimin informativ kund\u00ebr Kosov\u00ebs n\u00eb aren\u00ebn nd\u00ebrkomb\u00ebtare, ku p\u00ebrfshihen element\u00eb t\u00eb BIA-s serbe dhe raportime q\u00eb lidhen me OSBE-n\u00eb.<\/p>\n<hr style=\"margin:30px 0\"\/>\n<p style=\"font-size:13px;color:#666\">Burimi: <strong>mesazhi<\/strong><\/p>\n","protected":false},"excerpt":{"rendered":"<p>N\u00eb Gjykata Themelore t\u00eb Prishtin\u00ebs \u00ebsht\u00eb shpallur aktgjykimi ndaj ish-pun\u00ebtores s\u00eb OSBE, Jelena Gjukanoviq, e cila \u00ebsht\u00eb d\u00ebnuar me 6 vjet burgim p\u00ebr vepr\u00ebn penale t\u00eb spiunazhit. N\u00eb fjal\u00ebn p\u00ebrfundimtare, n\u00eb k\u00ebt\u00eb rast q\u00eb konsiderohet si nj\u00eb nd\u00ebr m\u00eb t\u00eb r\u00ebnd\u00ebsishmit n\u00eb fush\u00ebn e siguris\u00eb q\u00eb \u00ebsht\u00eb trajtuar n\u00eb Kosov\u00eb. Dokumente dhe komunikime mes spiun\u00ebve [&hellip;]<\/p>\n","protected":false},"author":1,"featured_media":107844,"comment_status":"open","ping_status":"open","sticky":false,"template":"","format":"standard","meta":{"footnotes":""},"categories":[14],"tags":[3803],"class_list":["post-107845","post","type-post","status-publish","format-standard","has-post-thumbnail","hentry","category-kombetare","tag-aktuale"],"_links":{"self":[{"href":"https:\/\/prizrenpost.com\/al\/wp-json\/wp\/v2\/posts\/107845","targetHints":{"allow":["GET"]}}],"collection":[{"href":"https:\/\/prizrenpost.com\/al\/wp-json\/wp\/v2\/posts"}],"about":[{"href":"https:\/\/prizrenpost.com\/al\/wp-json\/wp\/v2\/types\/post"}],"author":[{"embeddable":true,"href":"https:\/\/prizrenpost.com\/al\/wp-json\/wp\/v2\/users\/1"}],"replies":[{"embeddable":true,"href":"https:\/\/prizrenpost.com\/al\/wp-json\/wp\/v2\/comments?post=107845"}],"version-history":[{"count":0,"href":"https:\/\/prizrenpost.com\/al\/wp-json\/wp\/v2\/posts\/107845\/revisions"}],"wp:featuredmedia":[{"embeddable":true,"href":"https:\/\/prizrenpost.com\/al\/wp-json\/wp\/v2\/media\/107844"}],"wp:attachment":[{"href":"https:\/\/prizrenpost.com\/al\/wp-json\/wp\/v2\/media?parent=107845"}],"wp:term":[{"taxonomy":"category","embeddable":true,"href":"https:\/\/prizrenpost.com\/al\/wp-json\/wp\/v2\/categories?post=107845"},{"taxonomy":"post_tag","embeddable":true,"href":"https:\/\/prizrenpost.com\/al\/wp-json\/wp\/v2\/tags?post=107845"}],"curies":[{"name":"wp","href":"https:\/\/api.w.org\/{rel}","templated":true}]}}