{"id":107847,"date":"2026-04-27T14:40:16","date_gmt":"2026-04-27T11:40:16","guid":{"rendered":"https:\/\/prizrenpost.com\/al\/be-ja-shpreh-keqardhje-per-mungesen-e-veprimeve-te-serbise-per-sulmin-ne-banjske\/"},"modified":"2026-04-27T14:40:16","modified_gmt":"2026-04-27T11:40:16","slug":"be-ja-shpreh-keqardhje-per-mungesen-e-veprimeve-te-serbise-per-sulmin-ne-banjske","status":"publish","type":"post","link":"https:\/\/prizrenpost.com\/al\/be-ja-shpreh-keqardhje-per-mungesen-e-veprimeve-te-serbise-per-sulmin-ne-banjske\/","title":{"rendered":"BE-ja shpreh keqardhje p\u00ebr munges\u00ebn e veprimeve t\u00eb Serbis\u00eb p\u00ebr sulmin n\u00eb Banjsk\u00eb"},"content":{"rendered":"<figure class=\"post-featured-image\"><img decoding=\"async\" src=\"https:\/\/prizrenpost.com\/al\/wp-content\/uploads\/2026\/04\/Bashkimi-Evropian-BE-Bashkimi-Evropian-BE.jpg\" alt=\"BE-ja shpreh keqardhje p\u00ebr munges\u00ebn e veprimeve t\u00eb Serbis\u00eb p\u00ebr sulmin n\u00eb Banjsk\u00eb\"\/><\/figure>\n<p>Bashkimi Evropian ka shprehur keqardhje q\u00eb Serbia ende nuk ka nd\u00ebrmarr\u00eb hapat e nevojsh\u00ebm p\u00ebr t\u00eb sjell\u00eb para drejt\u00ebsis\u00eb p\u00ebrgjegj\u00ebsit p\u00ebr sulmin n\u00eb Banjsk\u00eb.<\/p>\n<p>Nj\u00eb z\u00ebdh\u00ebn\u00ebs i BE-s\u00eb i ka th\u00ebn\u00eb KOH\u00cbS se pas vendimit t\u00eb jav\u00ebs s\u00eb kaluar lidhur me sulmin n\u00eb Banjsk\u00eb, mbetet shqet\u00ebsuese mungesa e veprimeve konkrete nga ana e Serbis\u00eb.<\/p>\n<p>\u201cPas vendimit t\u00eb jav\u00ebs s\u00eb kaluar p\u00ebr sulmin n\u00eb Banjsk\u00eb, BE-ja shpreh keqardhje q\u00eb Serbia ende nuk ka nd\u00ebrmarr\u00eb hapat e nevojsh\u00ebm p\u00ebr t\u00eb sjell\u00eb para drejt\u00ebsis\u00eb p\u00ebrgjegj\u00ebsit p\u00ebr sulmet n\u00eb veri t\u00eb Kosov\u00ebs n\u00eb vitin 2023\u201d, thuhet n\u00eb p\u00ebrgjigje.<\/p>\n<p>M\u00eb 24 prill, Gjykata Themelore n\u00eb Prishtin\u00eb i ka d\u00ebnuar me burgim t\u00eb p\u00ebrjetsh\u00ebm dy t\u00eb akuzuarit Blagoje Spasojeviq dhe Vladimir Toliq, nd\u00ebrsa Dushan Maksimoviqin e ka d\u00ebnuar me 30 vjet burgim. <\/p>\n<p>Sapsojeviq e Toliq nuk kan\u00eb qen\u00eb prezent\u00eb n\u00eb shpalljen e aktgjykimit, nd\u00ebrsa Maksimoviq po. <\/p>\n<p>T\u00eb tre jan\u00eb n\u00eb mesin e 42 personave t\u00eb akuzuar p\u00ebr k\u00ebt\u00eb rast. <\/p>\n<p>M\u00eb 24 shtator 2023 nj\u00eb grup i armatosur serb\u00ebsh me armatim t\u00eb r\u00ebnd\u00eb, fillimisht bllokoi ur\u00ebn n\u00eb fshatin Banjsk\u00eb t\u00eb Zve\u00e7anit, e m\u00eb pas sulmoi polic\u00ebt q\u00eb shkuan n\u00eb vendngjarje p\u00ebr ta hequr kamionin nga rruga. <\/p>\n<p>Gjat\u00eb sulmit t\u00eb serb\u00ebve t\u00eb armatosur u vra rreshteri Afrim Bunjaku dhe u plagos\u00ebn dy t\u00eb tjer\u00eb polic\u00eb. <\/p>\n<p>Sipas aktakuz\u00ebs s\u00eb Prokuroris\u00eb Speciale, synimi i sulmuesve ishte q\u00eb ta ndanin veriun nga Kosova.<\/p>\n<hr style=\"margin:30px 0\"\/>\n<p style=\"font-size:13px;color:#666\">Burimi: <strong>mesazhi<\/strong><\/p>\n","protected":false},"excerpt":{"rendered":"<p>Bashkimi Evropian ka shprehur keqardhje q\u00eb Serbia ende nuk ka nd\u00ebrmarr\u00eb hapat e nevojsh\u00ebm p\u00ebr t\u00eb sjell\u00eb para drejt\u00ebsis\u00eb p\u00ebrgjegj\u00ebsit p\u00ebr sulmin n\u00eb Banjsk\u00eb. Nj\u00eb z\u00ebdh\u00ebn\u00ebs i BE-s\u00eb i ka th\u00ebn\u00eb KOH\u00cbS se pas vendimit t\u00eb jav\u00ebs s\u00eb kaluar lidhur me sulmin n\u00eb Banjsk\u00eb, mbetet shqet\u00ebsuese mungesa e veprimeve konkrete nga ana e Serbis\u00eb. \u201cPas [&hellip;]<\/p>\n","protected":false},"author":1,"featured_media":107846,"comment_status":"open","ping_status":"open","sticky":false,"template":"","format":"standard","meta":{"footnotes":""},"categories":[14],"tags":[3803],"class_list":["post-107847","post","type-post","status-publish","format-standard","has-post-thumbnail","hentry","category-kombetare","tag-aktuale"],"_links":{"self":[{"href":"https:\/\/prizrenpost.com\/al\/wp-json\/wp\/v2\/posts\/107847","targetHints":{"allow":["GET"]}}],"collection":[{"href":"https:\/\/prizrenpost.com\/al\/wp-json\/wp\/v2\/posts"}],"about":[{"href":"https:\/\/prizrenpost.com\/al\/wp-json\/wp\/v2\/types\/post"}],"author":[{"embeddable":true,"href":"https:\/\/prizrenpost.com\/al\/wp-json\/wp\/v2\/users\/1"}],"replies":[{"embeddable":true,"href":"https:\/\/prizrenpost.com\/al\/wp-json\/wp\/v2\/comments?post=107847"}],"version-history":[{"count":0,"href":"https:\/\/prizrenpost.com\/al\/wp-json\/wp\/v2\/posts\/107847\/revisions"}],"wp:featuredmedia":[{"embeddable":true,"href":"https:\/\/prizrenpost.com\/al\/wp-json\/wp\/v2\/media\/107846"}],"wp:attachment":[{"href":"https:\/\/prizrenpost.com\/al\/wp-json\/wp\/v2\/media?parent=107847"}],"wp:term":[{"taxonomy":"category","embeddable":true,"href":"https:\/\/prizrenpost.com\/al\/wp-json\/wp\/v2\/categories?post=107847"},{"taxonomy":"post_tag","embeddable":true,"href":"https:\/\/prizrenpost.com\/al\/wp-json\/wp\/v2\/tags?post=107847"}],"curies":[{"name":"wp","href":"https:\/\/api.w.org\/{rel}","templated":true}]}}