{"id":107849,"date":"2026-04-27T14:55:09","date_gmt":"2026-04-27T11:55:09","guid":{"rendered":"https:\/\/prizrenpost.com\/al\/sot-seanca-ne-perpjekje-per-zgjedhjen-e-presidentit\/"},"modified":"2026-04-27T14:55:09","modified_gmt":"2026-04-27T11:55:09","slug":"sot-seanca-ne-perpjekje-per-zgjedhjen-e-presidentit","status":"publish","type":"post","link":"https:\/\/prizrenpost.com\/al\/sot-seanca-ne-perpjekje-per-zgjedhjen-e-presidentit\/","title":{"rendered":"Sot seanca n\u00eb p\u00ebrpjekje p\u00ebr zgjedhjen e presidentit"},"content":{"rendered":"<figure class=\"post-featured-image\"><img decoding=\"async\" src=\"https:\/\/prizrenpost.com\/al\/wp-content\/uploads\/2026\/04\/Seanca-Plenare-e-Kuvendit-Te-Kosoves-2020-3-2.jpg\" alt=\"Sot seanca n\u00eb p\u00ebrpjekje p\u00ebr zgjedhjen e presidentit\"\/><\/figure>\n<p>Sot do t\u00eb mbahet seanca n\u00eb p\u00ebrpjekje p\u00ebr zgjedhjen e presidentit.<\/p>\n<p>K\u00ebt\u00eb e ka b\u00ebr\u00eb t\u00eb ditur kryetarja e Kuvendit, Albulena Haxhiu.<\/p>\n<p>Afati p\u00ebr zgjedhjen e presidentit sipas aktgjykimit t\u00eb Gjykat\u00ebs Kushtetuese \u00ebsht\u00eb 28 prilli.<\/p>\n<p>Partit\u00eb ende nuk kan\u00eb arritur ndonj\u00eb marr\u00ebveshje p\u00ebr \u00e7\u00ebshtjen e presidentit.<\/p>\n<p>LVV t\u00eb shtun\u00ebn ka k\u00ebrkuar nga PDK e LDK t\u00eb propozojn\u00eb tre emra p\u00ebr president q\u00eb sipas tyre duhet t\u00eb jen\u00eb jopartiak, me kredibilitet e t\u00eb d\u00ebshmuar.<\/p>\n<p>PDK ka refuzuar t\u00eb propozoj\u00eb emra, nd\u00ebrsa LDK ka shprehur gatishm\u00ebri p\u00ebr nj\u00eb gj\u00eb t\u00eb till\u00eb duke p\u00ebrmendur edhe Vjosa Osmanin si em\u00ebr me kushtin q\u00eb LVV ia garanton 66 vota.<\/p>\n<p>Shefja e Grupit Parlamentar t\u00eb LVV-s\u00eb, Arb\u00ebrie Nagavci ka th\u00ebn\u00eb t\u00eb diel\u00ebn se nuk kan\u00eb marr\u00eb propozime konkrete dhe zyrtare nga PDK e LDK.<\/p>\n<hr style=\"margin:30px 0\"\/>\n<p style=\"font-size:13px;color:#666\">Burimi: <strong>mesazhi<\/strong><\/p>\n","protected":false},"excerpt":{"rendered":"<p>Sot do t\u00eb mbahet seanca n\u00eb p\u00ebrpjekje p\u00ebr zgjedhjen e presidentit. K\u00ebt\u00eb e ka b\u00ebr\u00eb t\u00eb ditur kryetarja e Kuvendit, Albulena Haxhiu. Afati p\u00ebr zgjedhjen e presidentit sipas aktgjykimit t\u00eb Gjykat\u00ebs Kushtetuese \u00ebsht\u00eb 28 prilli. Partit\u00eb ende nuk kan\u00eb arritur ndonj\u00eb marr\u00ebveshje p\u00ebr \u00e7\u00ebshtjen e presidentit. LVV t\u00eb shtun\u00ebn ka k\u00ebrkuar nga PDK e LDK [&hellip;]<\/p>\n","protected":false},"author":1,"featured_media":107848,"comment_status":"open","ping_status":"open","sticky":false,"template":"","format":"standard","meta":{"footnotes":""},"categories":[14],"tags":[3803],"class_list":["post-107849","post","type-post","status-publish","format-standard","has-post-thumbnail","hentry","category-kombetare","tag-aktuale"],"_links":{"self":[{"href":"https:\/\/prizrenpost.com\/al\/wp-json\/wp\/v2\/posts\/107849","targetHints":{"allow":["GET"]}}],"collection":[{"href":"https:\/\/prizrenpost.com\/al\/wp-json\/wp\/v2\/posts"}],"about":[{"href":"https:\/\/prizrenpost.com\/al\/wp-json\/wp\/v2\/types\/post"}],"author":[{"embeddable":true,"href":"https:\/\/prizrenpost.com\/al\/wp-json\/wp\/v2\/users\/1"}],"replies":[{"embeddable":true,"href":"https:\/\/prizrenpost.com\/al\/wp-json\/wp\/v2\/comments?post=107849"}],"version-history":[{"count":0,"href":"https:\/\/prizrenpost.com\/al\/wp-json\/wp\/v2\/posts\/107849\/revisions"}],"wp:featuredmedia":[{"embeddable":true,"href":"https:\/\/prizrenpost.com\/al\/wp-json\/wp\/v2\/media\/107848"}],"wp:attachment":[{"href":"https:\/\/prizrenpost.com\/al\/wp-json\/wp\/v2\/media?parent=107849"}],"wp:term":[{"taxonomy":"category","embeddable":true,"href":"https:\/\/prizrenpost.com\/al\/wp-json\/wp\/v2\/categories?post=107849"},{"taxonomy":"post_tag","embeddable":true,"href":"https:\/\/prizrenpost.com\/al\/wp-json\/wp\/v2\/tags?post=107849"}],"curies":[{"name":"wp","href":"https:\/\/api.w.org\/{rel}","templated":true}]}}