{"id":107855,"date":"2026-04-27T15:20:48","date_gmt":"2026-04-27T12:20:48","guid":{"rendered":"https:\/\/prizrenpost.com\/al\/cila-eshte-ngjyra-e-vertete-e-diellit\/"},"modified":"2026-04-27T15:20:48","modified_gmt":"2026-04-27T12:20:48","slug":"cila-eshte-ngjyra-e-vertete-e-diellit","status":"publish","type":"post","link":"https:\/\/prizrenpost.com\/al\/cila-eshte-ngjyra-e-vertete-e-diellit\/","title":{"rendered":"Cila \u00ebsht\u00eb ngjyra e v\u00ebrtet\u00eb e Diellit?"},"content":{"rendered":"<figure class=\"post-featured-image\"><img decoding=\"async\" src=\"https:\/\/prizrenpost.com\/al\/wp-content\/uploads\/2026\/04\/sole-bianco_1020x680-1.jpg\" alt=\"Cila \u00ebsht\u00eb ngjyra e v\u00ebrtet\u00eb e Diellit?\"\/><\/figure>\n<p>Ngjyra e v\u00ebrtet\u00eb e Diellit \u00ebsht\u00eb e bardha. Ky \u00ebsht\u00eb nj\u00eb fakt q\u00eb mund t\u00eb duket i \u00e7uditsh\u00ebm p\u00ebr k\u00ebdo q\u00eb ka par\u00eb nj\u00eb per\u00ebndim flak\u00ebrues. Por t\u00eb dh\u00ebnat shkencore jan\u00eb t\u00eb prera: ylli yn\u00eb l\u00ebshon drit\u00eb n\u00eb t\u00eb gjitha ngjyrat e spektrit t\u00eb duksh\u00ebm pothuajse n\u00eb m\u00ebnyr\u00eb uniforme.<\/p>\n<p>Kur t\u00eb gjitha k\u00ebto frekuenca mblidhen s\u00eb bashku, rezultati p\u00ebr syrin njer\u00ebzor \u00ebsht\u00eb e bardha\u00a0e past\u00ebr. Megjithat\u00eb, nga sip\u00ebrfaqja e Tok\u00ebs, ne rrall\u00eb e shohim k\u00ebt\u00eb ngjyr\u00eb origjinale. Kjo sepse atmosfera vepron si nj\u00eb filt\u00ebr kompleks. Molekulat e ajrit shp\u00ebrndajn\u00eb m\u00eb mir\u00eb drit\u00ebn me gjat\u00ebsi vale t\u00eb shkurt\u00ebr, si blun\u00eb dhe vjollc\u00ebn.<\/p>\n<p>Ky fenomen, i njohur si \u2018Shp\u00ebrndarja Rayleigh\u2019, b\u00ebn q\u00eb Dielli t\u00eb duket me nuanca t\u00eb verdha ose portokalli. Kur drita duhet t\u00eb kaloj\u00eb n\u00ebp\u00ebr nj\u00eb shtres\u00eb m\u00eb t\u00eb trash\u00eb ajri, si n\u00eb lindje apo per\u00ebndim, shp\u00ebrndarja b\u00ebhet aq intensive sa vet\u00ebm drita e kuqe dhe portokallia arrijn\u00eb te ne.<\/p>\n<p>Kur Dielli \u00ebsht\u00eb n\u00eb zenit, pra n\u00eb kulmin e tij n\u00eb qiell, drita e tij kalon n\u00ebp\u00ebr atmosfer\u00eb pothuajse pingul, duke ndjekur rrug\u00ebn m\u00eb t\u00eb shkurt\u00ebr. Edhe n\u00eb k\u00ebt\u00eb rast, nj\u00eb pjes\u00eb e drit\u00ebs blu \u201dvilet\u201d nga rrezja origjinale p\u00ebr t\u00eb ngjyrosur qiellin, duke e l\u00ebn\u00eb drit\u00ebn direkte paksa m\u00eb t\u00eb ngroht\u00eb.<\/p>\n<p>Kjo humbje e blus\u00eb mjafton q\u00eb drita e bardh\u00eb t\u00eb anoj\u00eb drejt t\u00eb verdh\u00ebs. P\u00ebr m\u00eb tep\u00ebr, nj\u00eb luan rol edhe kontrasti. Syri yn\u00eb e percepton drit\u00ebn e bardh\u00eb t\u00eb fort\u00eb si t\u00eb verdh\u00eb t\u00eb zbeht\u00eb, kur ajo bie ndesh me blun\u00eb e thell\u00eb t\u00eb qiellit p\u00ebrreth.<\/p>\n<p>N\u00eb hap\u00ebsir\u00eb, jasht\u00eb \u201cburgut\u201d t\u00eb atmosfer\u00ebs, astronaut\u00ebt e shohin Diellin ashtu si\u00e7 \u00ebsht\u00eb: nj\u00eb sfer\u00eb e bardh\u00eb verbuese n\u00eb nj\u00eb sfond t\u00eb zi rrethe \u00a0rrotull. Interesant \u00ebsht\u00eb fakti se yjet e tjer\u00eb shpesh na duken t\u00eb bardh\u00eb sepse drita e tyre \u00ebsht\u00eb shum\u00eb e dob\u00ebt p\u00ebr t\u00eb aktivizuar konet, receptor\u00ebt tan\u00eb t\u00eb ngjyrave.<\/p>\n<p>N\u00eb vend t\u00eb tyre, aktivizohen shufrat, q\u00eb perceptojn\u00eb vet\u00ebm shk\u00eblqimin. Vet\u00ebm yjet jasht\u00ebzakonisht t\u00eb ndritsh\u00ebm, si Betelgeuse (gjigant i kuq) ose Rigel (supergjiganti blu), arrijn\u00eb t\u00eb shfaqin ngjyr\u00ebn e tyre t\u00eb v\u00ebrtet\u00eb p\u00ebr syrin e lir\u00eb.<\/p>\n<p>Kuptimi i k\u00ebtij mashtrimi vizual, nuk e zbeh bukurin\u00eb e nj\u00eb per\u00ebndimi dielli, por na kujton se sa shum\u00eb mjedisi yn\u00eb e transformon realitetin fizik p\u00ebrpara se ai t\u00eb mb\u00ebrrij\u00eb n\u00eb retin\u00ebn ton\u00eb. Dielli mbetet nj\u00eb yll i bardh\u00eb, q\u00eb \u201cmaskohet\u201d si i art\u00eb p\u00ebr t\u00eb na dhuruar ngjyrat e jet\u00ebs n\u00eb Tok\u00eb. \/tesheshi.com\/<\/p>\n<hr style=\"margin:30px 0\"\/>\n<p style=\"font-size:13px;color:#666\">Burimi: <strong>tesheshi<\/strong><\/p>\n","protected":false},"excerpt":{"rendered":"<p>Ngjyra e v\u00ebrtet\u00eb e Diellit \u00ebsht\u00eb e bardha. Ky \u00ebsht\u00eb nj\u00eb fakt q\u00eb mund t\u00eb duket i \u00e7uditsh\u00ebm p\u00ebr k\u00ebdo q\u00eb ka par\u00eb nj\u00eb per\u00ebndim flak\u00ebrues. Por t\u00eb dh\u00ebnat shkencore jan\u00eb t\u00eb prera: ylli yn\u00eb l\u00ebshon drit\u00eb n\u00eb t\u00eb gjitha ngjyrat e spektrit t\u00eb duksh\u00ebm pothuajse n\u00eb m\u00ebnyr\u00eb uniforme. Kur t\u00eb gjitha k\u00ebto frekuenca mblidhen [&hellip;]<\/p>\n","protected":false},"author":1,"featured_media":107854,"comment_status":"open","ping_status":"open","sticky":false,"template":"","format":"standard","meta":{"footnotes":""},"categories":[6],"tags":[],"class_list":["post-107855","post","type-post","status-publish","format-standard","has-post-thumbnail","hentry","category-teknologji"],"_links":{"self":[{"href":"https:\/\/prizrenpost.com\/al\/wp-json\/wp\/v2\/posts\/107855","targetHints":{"allow":["GET"]}}],"collection":[{"href":"https:\/\/prizrenpost.com\/al\/wp-json\/wp\/v2\/posts"}],"about":[{"href":"https:\/\/prizrenpost.com\/al\/wp-json\/wp\/v2\/types\/post"}],"author":[{"embeddable":true,"href":"https:\/\/prizrenpost.com\/al\/wp-json\/wp\/v2\/users\/1"}],"replies":[{"embeddable":true,"href":"https:\/\/prizrenpost.com\/al\/wp-json\/wp\/v2\/comments?post=107855"}],"version-history":[{"count":0,"href":"https:\/\/prizrenpost.com\/al\/wp-json\/wp\/v2\/posts\/107855\/revisions"}],"wp:featuredmedia":[{"embeddable":true,"href":"https:\/\/prizrenpost.com\/al\/wp-json\/wp\/v2\/media\/107854"}],"wp:attachment":[{"href":"https:\/\/prizrenpost.com\/al\/wp-json\/wp\/v2\/media?parent=107855"}],"wp:term":[{"taxonomy":"category","embeddable":true,"href":"https:\/\/prizrenpost.com\/al\/wp-json\/wp\/v2\/categories?post=107855"},{"taxonomy":"post_tag","embeddable":true,"href":"https:\/\/prizrenpost.com\/al\/wp-json\/wp\/v2\/tags?post=107855"}],"curies":[{"name":"wp","href":"https:\/\/api.w.org\/{rel}","templated":true}]}}