{"id":107863,"date":"2026-04-27T16:35:42","date_gmt":"2026-04-27T13:35:42","guid":{"rendered":"https:\/\/prizrenpost.com\/al\/fillon-procesi-gjyqesor-ndaj-ish-presidentit-te-shqiperise-ilir-meta\/"},"modified":"2026-04-27T16:35:42","modified_gmt":"2026-04-27T13:35:42","slug":"fillon-procesi-gjyqesor-ndaj-ish-presidentit-te-shqiperise-ilir-meta","status":"publish","type":"post","link":"https:\/\/prizrenpost.com\/al\/fillon-procesi-gjyqesor-ndaj-ish-presidentit-te-shqiperise-ilir-meta\/","title":{"rendered":"Fillon procesi gjyq\u00ebsor ndaj ish-presidentit t\u00eb Shqip\u00ebris\u00eb, Ilir Meta"},"content":{"rendered":"<figure class=\"post-featured-image\"><img decoding=\"async\" src=\"https:\/\/prizrenpost.com\/al\/wp-content\/uploads\/2026\/04\/Ilir-Meta.jpg\" alt=\"Fillon procesi gjyq\u00ebsor ndaj ish-presidentit t\u00eb Shqip\u00ebris\u00eb, Ilir Meta\"\/><\/figure>\n<p>Sot ka filluar procesi gjyq\u00ebsor ndaj ish-presidentit t\u00eb Shqip\u00ebris\u00eb, Ilir Meta, i cili ndodhet n\u00eb paraburgim dhe akuzohet p\u00ebr disa vepra penale, raporton Anadolu.<\/p>\n<p>N\u00eb Gjykat\u00ebn e Posa\u00e7me t\u00eb Shkall\u00ebs s\u00eb Par\u00eb p\u00ebr Korrupsionin dhe Krimin e Organizuar (GJKKO), \u00ebsht\u00eb mbajtur seanca e par\u00eb, nd\u00ebrkoh\u00eb i pranish\u00ebm ishte edhe Meta.<\/p>\n<p>Meta i ka k\u00ebrkuar GJKKO-s\u00eb q\u00eb t\u00eb garantoj\u00eb transmetimin e drejtp\u00ebrdrejt\u00eb t\u00eb t\u00eb gjith\u00eb k\u00ebtij procesi, k\u00ebrkes\u00eb p\u00ebr t\u00eb cil\u00ebn gjykata ende nuk ka marr\u00eb nj\u00eb vendim.<\/p>\n<p>Avokati i ish-presidentit Meta, Kujtim Cakrani, n\u00eb nj\u00eb deklarat\u00eb p\u00ebr mediat sot theksoi se \u00ebsht\u00eb e papranueshme q\u00eb seancat p\u00ebr gjyqin n\u00eb fjal\u00eb nuk jepen drejtp\u00ebrdrejt\u00eb p\u00ebr publikun.<\/p>\n<p>Nd\u00ebrkoh\u00eb, n\u00eb \u00e7\u00ebshtjen n\u00eb fjal\u00eb do t\u00eb gjykohet edhe ish-bashk\u00ebshortja e Met\u00ebs, Monika Kryemadhi, e cila ishte e pranishme sot n\u00eb seanc\u00ebn e par\u00eb t\u00eb gjykimit n\u00eb themel.<\/p>\n<p>Seanca e radh\u00ebs p\u00ebr k\u00ebt\u00eb proces gjyq\u00ebsor raportohet se do t\u00eb mbahet m\u00eb 11 maj.<\/p>\n<p>Gjykatat n\u00eb Shqip\u00ebri kan\u00eb refuzuar edhe k\u00ebrkesat e ish-presidentit Meta p\u00ebr lirim nga paraburgimi.<\/p>\n<p>&#8211; \u00c7\u00ebshtja ndaj ish-presidentit Meta<\/p>\n<p>Ish-presidenti Meta \u00ebsht\u00eb arrestuar m\u00eb 21 tetor 2024, i dyshuar p\u00ebr kryerjen e disa veprave penale n\u00eb lidhje me \u00e7\u00ebshtjen q\u00eb \u00ebsht\u00eb e njohur si &#8220;Kontrata e sh\u00ebrbimit CEZ-DIA&#8221; dhe p\u00ebr &#8220;kontrata lobimi n\u00eb SHBA&#8221;.<\/p>\n<p>Aktualisht, Meta \u00ebsht\u00eb n\u00eb paraburgim. Sipas Prokuroris\u00eb s\u00eb Posa\u00e7me kund\u00ebr Korrupsionit dhe Krimit t\u00eb Organizuar (SPAK), Meta \u00ebsht\u00eb i dyshuar p\u00ebr pastrim parash, korrupsion dhe mosdeklarim pasurish.<\/p>\n<p>Meta, i cili aktualisht \u00ebsht\u00eb kryetar i partis\u00eb opozitare, Partis\u00eb s\u00eb Liris\u00eb, ka mbajtur poste t\u00eb larta n\u00eb institucionet e shtetit shqiptar.<\/p>\n<hr style=\"margin:30px 0\"\/>\n<p style=\"font-size:13px;color:#666\">Burimi: <strong>mesazhi<\/strong><\/p>\n","protected":false},"excerpt":{"rendered":"<p>Sot ka filluar procesi gjyq\u00ebsor ndaj ish-presidentit t\u00eb Shqip\u00ebris\u00eb, Ilir Meta, i cili ndodhet n\u00eb paraburgim dhe akuzohet p\u00ebr disa vepra penale, raporton Anadolu. N\u00eb Gjykat\u00ebn e Posa\u00e7me t\u00eb Shkall\u00ebs s\u00eb Par\u00eb p\u00ebr Korrupsionin dhe Krimin e Organizuar (GJKKO), \u00ebsht\u00eb mbajtur seanca e par\u00eb, nd\u00ebrkoh\u00eb i pranish\u00ebm ishte edhe Meta. Meta i ka k\u00ebrkuar GJKKO-s\u00eb [&hellip;]<\/p>\n","protected":false},"author":1,"featured_media":107862,"comment_status":"open","ping_status":"open","sticky":false,"template":"","format":"standard","meta":{"footnotes":""},"categories":[24],"tags":[3803],"class_list":["post-107863","post","type-post","status-publish","format-standard","has-post-thumbnail","hentry","category-bote","tag-aktuale"],"_links":{"self":[{"href":"https:\/\/prizrenpost.com\/al\/wp-json\/wp\/v2\/posts\/107863","targetHints":{"allow":["GET"]}}],"collection":[{"href":"https:\/\/prizrenpost.com\/al\/wp-json\/wp\/v2\/posts"}],"about":[{"href":"https:\/\/prizrenpost.com\/al\/wp-json\/wp\/v2\/types\/post"}],"author":[{"embeddable":true,"href":"https:\/\/prizrenpost.com\/al\/wp-json\/wp\/v2\/users\/1"}],"replies":[{"embeddable":true,"href":"https:\/\/prizrenpost.com\/al\/wp-json\/wp\/v2\/comments?post=107863"}],"version-history":[{"count":0,"href":"https:\/\/prizrenpost.com\/al\/wp-json\/wp\/v2\/posts\/107863\/revisions"}],"wp:featuredmedia":[{"embeddable":true,"href":"https:\/\/prizrenpost.com\/al\/wp-json\/wp\/v2\/media\/107862"}],"wp:attachment":[{"href":"https:\/\/prizrenpost.com\/al\/wp-json\/wp\/v2\/media?parent=107863"}],"wp:term":[{"taxonomy":"category","embeddable":true,"href":"https:\/\/prizrenpost.com\/al\/wp-json\/wp\/v2\/categories?post=107863"},{"taxonomy":"post_tag","embeddable":true,"href":"https:\/\/prizrenpost.com\/al\/wp-json\/wp\/v2\/tags?post=107863"}],"curies":[{"name":"wp","href":"https:\/\/api.w.org\/{rel}","templated":true}]}}