{"id":107866,"date":"2026-04-27T17:40:11","date_gmt":"2026-04-27T14:40:11","guid":{"rendered":"https:\/\/prizrenpost.com\/al\/kurti-masakra-e-mejes-eshte-deshmi-e-gjenocidit-te-serbise\/"},"modified":"2026-04-27T17:40:11","modified_gmt":"2026-04-27T14:40:11","slug":"kurti-masakra-e-mejes-eshte-deshmi-e-gjenocidit-te-serbise","status":"publish","type":"post","link":"https:\/\/prizrenpost.com\/al\/kurti-masakra-e-mejes-eshte-deshmi-e-gjenocidit-te-serbise\/","title":{"rendered":"Kurti: Masakra e Mej\u00ebs \u00ebsht\u00eb d\u00ebshmi e gjenocidit t\u00eb Serbis\u00eb"},"content":{"rendered":"<figure class=\"post-featured-image\"><img decoding=\"async\" src=\"https:\/\/prizrenpost.com\/al\/wp-content\/uploads\/2026\/01\/prizrenpostog-og.jpg\" alt=\"Kurti: Masakra e Mej\u00ebs \u00ebsht\u00eb d\u00ebshmi e gjenocidit t\u00eb Serbis\u00eb\"\/><\/figure>\n<p>N\u00eb p\u00ebrvjetorin e 27-t\u00eb t\u00eb masakr\u00ebs s\u00eb Mej\u00ebs, kryeministri i Kosov\u00ebs, Albin Kurti, b\u00ebri homazhe dhe vendosi lule te varrezat e 376 civil\u00ebve t\u00eb vrar\u00eb, n\u00eb Mej\u00eb. Poashtu, kryeministri ka b\u00ebr\u00eb homazhe edhe te pllaka p\u00ebrkujtimore e t\u00eb r\u00ebn\u00ebve n\u00eb Korenic\u00eb.<\/p>\n<p>Duke kujtuar 27 prillin e vitit 1999, kryeministri Kurti tha se masakra e Mej\u00ebs dhe Korenic\u00ebs \u00ebsht\u00eb m\u00eb e madhja n\u00eb luft\u00ebn e fundit dhe \u00ebsht\u00eb d\u00ebshmi e gjenocidit t\u00eb Serbis\u00eb n\u00eb Kosov\u00eb.<\/p>\n<p>\u201cM\u00eb 27 prill, jan\u00eb b\u00ebr\u00eb 27 vjet nga kjo masak\u00ebr dhe ne kujdesemi q\u00eb asnj\u00ebher\u00eb t\u00eb mos harrojm\u00eb e gjithmon\u00eb t\u00eb p\u00ebrkujtojm\u00eb gjakun e derdhur p\u00ebr liri t\u00eb martir\u00ebve dhe d\u00ebshmor\u00ebve t\u00eb kombit. Por, nj\u00ebkoh\u00ebsisht angazhohemi maksimalisht q\u00eb institucionet e drejt\u00ebsis\u00eb e t\u00eb siguris\u00eb, t\u2019i sjellin para gjyqit dhe t\u00eb d\u00ebnohen ata q\u00eb ishin urdh\u00ebrdh\u00ebn\u00ebs dhe ekzekutor\u00eb\u201d, tha kryeministri Kurti, duke shtuar se n\u00eb ve\u00e7anti angazhohemi p\u00ebr zbardhjen e fatit t\u00eb t\u00eb pagjeturve, t\u00eb zhdukurve me dhun\u00eb, q\u00eb gjithsej jan\u00eb 1565.<\/p>\n<p>Nga Meja, ai u b\u00ebri thirrje faktor\u00ebve nd\u00ebrkomb\u00ebtar\u00eb q\u00eb t\u00eb b\u00ebjn\u00eb trysni mbi Beogradin zyrtar, duke theksuar se atje \u00ebsht\u00eb edhe p\u00ebrgjegj\u00ebsia, por edhe informacioni mbi t\u00eb v\u00ebrtet\u00ebn e shqiptar\u00ebve t\u00eb zhdukur me dhun\u00eb.<\/p>\n<p>\u201cMasakra e Mej\u00ebs \u00ebsht\u00eb d\u00ebshmi e gjenocidit t\u00eb Serbis\u00eb n\u00eb Kosov\u00eb, e cila ka synuar shfarosjen e popullit shqiptar. M\u00eb 27 prill, jan\u00eb b\u00ebr\u00eb 27 vjet nga kjo masak\u00ebr dhe ne kujdesemi q\u00eb asnj\u00ebher\u00eb t\u00eb mos harrojm\u00eb e gjithmon\u00eb t\u00eb p\u00ebrkujtojm\u00eb gjakun e derdhur p\u00ebr liri t\u00eb martir\u00ebve dhe d\u00ebshmor\u00ebve t\u00eb kombit. Por, nj\u00ebkoh\u00ebsisht angazhohemi maksimalisht q\u00eb institucionet e drejt\u00ebsis\u00eb e t\u00eb siguris\u00eb, t\u2019i sjellin para gjyqit dhe t\u00eb d\u00ebnohen ata q\u00eb ishin urdh\u00ebrdh\u00ebn\u00ebs dhe ekzekutor\u00eb. Ka disa vite q\u00eb \u00ebsht\u00eb e mundshme t\u00eb b\u00ebhet edhe gjykimi n\u00eb munges\u00eb dhe tashm\u00eb \u00ebsht\u00eb rritur numri i njer\u00ebzve kriminel\u00eb serb\u00eb q\u00eb po d\u00ebnohen n\u00eb munges\u00eb\u201d, tha Kurti.<\/p>\n<hr style=\"margin:30px 0\"\/>\n<p style=\"font-size:13px;color:#666\">Burimi: <strong>mesazhi<\/strong><\/p>\n","protected":false},"excerpt":{"rendered":"<p>N\u00eb p\u00ebrvjetorin e 27-t\u00eb t\u00eb masakr\u00ebs s\u00eb Mej\u00ebs, kryeministri i Kosov\u00ebs, Albin Kurti, b\u00ebri homazhe dhe vendosi lule te varrezat e 376 civil\u00ebve t\u00eb vrar\u00eb, n\u00eb Mej\u00eb. Poashtu, kryeministri ka b\u00ebr\u00eb homazhe edhe te pllaka p\u00ebrkujtimore e t\u00eb r\u00ebn\u00ebve n\u00eb Korenic\u00eb. Duke kujtuar 27 prillin e vitit 1999, kryeministri Kurti tha se masakra e Mej\u00ebs [&hellip;]<\/p>\n","protected":false},"author":1,"featured_media":94304,"comment_status":"open","ping_status":"open","sticky":false,"template":"","format":"standard","meta":{"footnotes":""},"categories":[14],"tags":[3803],"class_list":["post-107866","post","type-post","status-publish","format-standard","has-post-thumbnail","hentry","category-kombetare","tag-aktuale"],"_links":{"self":[{"href":"https:\/\/prizrenpost.com\/al\/wp-json\/wp\/v2\/posts\/107866","targetHints":{"allow":["GET"]}}],"collection":[{"href":"https:\/\/prizrenpost.com\/al\/wp-json\/wp\/v2\/posts"}],"about":[{"href":"https:\/\/prizrenpost.com\/al\/wp-json\/wp\/v2\/types\/post"}],"author":[{"embeddable":true,"href":"https:\/\/prizrenpost.com\/al\/wp-json\/wp\/v2\/users\/1"}],"replies":[{"embeddable":true,"href":"https:\/\/prizrenpost.com\/al\/wp-json\/wp\/v2\/comments?post=107866"}],"version-history":[{"count":0,"href":"https:\/\/prizrenpost.com\/al\/wp-json\/wp\/v2\/posts\/107866\/revisions"}],"wp:featuredmedia":[{"embeddable":true,"href":"https:\/\/prizrenpost.com\/al\/wp-json\/wp\/v2\/media\/94304"}],"wp:attachment":[{"href":"https:\/\/prizrenpost.com\/al\/wp-json\/wp\/v2\/media?parent=107866"}],"wp:term":[{"taxonomy":"category","embeddable":true,"href":"https:\/\/prizrenpost.com\/al\/wp-json\/wp\/v2\/categories?post=107866"},{"taxonomy":"post_tag","embeddable":true,"href":"https:\/\/prizrenpost.com\/al\/wp-json\/wp\/v2\/tags?post=107866"}],"curies":[{"name":"wp","href":"https:\/\/api.w.org\/{rel}","templated":true}]}}