{"id":107867,"date":"2026-04-27T17:40:25","date_gmt":"2026-04-27T14:40:25","guid":{"rendered":"https:\/\/prizrenpost.com\/al\/seanca-per-presidentin-abdixhiku-show-propagandues-i-lvv-se-nuk-marrim-pjese\/"},"modified":"2026-04-27T17:40:25","modified_gmt":"2026-04-27T14:40:25","slug":"seanca-per-presidentin-abdixhiku-show-propagandues-i-lvv-se-nuk-marrim-pjese","status":"publish","type":"post","link":"https:\/\/prizrenpost.com\/al\/seanca-per-presidentin-abdixhiku-show-propagandues-i-lvv-se-nuk-marrim-pjese\/","title":{"rendered":"Seanca p\u00ebr presidentin- Abdixhiku: Show propagandues i LVV-s\u00eb, nuk marrim pjes\u00eb"},"content":{"rendered":"<figure class=\"post-featured-image\"><img decoding=\"async\" src=\"https:\/\/prizrenpost.com\/al\/wp-content\/uploads\/2026\/01\/prizrenpostog-og.jpg\" alt=\"Seanca p\u00ebr presidentin- Abdixhiku: Show propagandues i LVV-s\u00eb, nuk marrim pjes\u00eb\"\/><\/figure>\n<p>Kryetari i Lidhjes Demokratike t\u00eb Kosov\u00ebs, Lumir Abdixhiku ka th\u00ebn\u00eb se nuk do t\u00eb marrin pjes\u00eb n\u00eb seanc\u00ebn p\u00ebr presidentin e thirrur sot n\u00eb ora 17:00.<\/p>\n<p>Ai ka th\u00ebn\u00eb se kjo seanc\u00eb \u00ebsht\u00eb \u201cshow propagandues i LVV-s\u00eb\u201d.<\/p>\n<p>Abdixhiku ka th\u00ebn\u00eb se nuk kan\u00eb pasur asnj\u00eb komunikim me Vet\u00ebvendosjen p\u00ebr presidentin<\/p>\n<hr style=\"margin:30px 0\"\/>\n<p style=\"font-size:13px;color:#666\">Burimi: <strong>mesazhi<\/strong><\/p>\n","protected":false},"excerpt":{"rendered":"<p>Kryetari i Lidhjes Demokratike t\u00eb Kosov\u00ebs, Lumir Abdixhiku ka th\u00ebn\u00eb se nuk do t\u00eb marrin pjes\u00eb n\u00eb seanc\u00ebn p\u00ebr presidentin e thirrur sot n\u00eb ora 17:00. Ai ka th\u00ebn\u00eb se kjo seanc\u00eb \u00ebsht\u00eb \u201cshow propagandues i LVV-s\u00eb\u201d. Abdixhiku ka th\u00ebn\u00eb se nuk kan\u00eb pasur asnj\u00eb komunikim me Vet\u00ebvendosjen p\u00ebr presidentin Burimi: mesazhi<\/p>\n","protected":false},"author":1,"featured_media":94304,"comment_status":"open","ping_status":"open","sticky":false,"template":"","format":"standard","meta":{"footnotes":""},"categories":[14],"tags":[3803],"class_list":["post-107867","post","type-post","status-publish","format-standard","has-post-thumbnail","hentry","category-kombetare","tag-aktuale"],"_links":{"self":[{"href":"https:\/\/prizrenpost.com\/al\/wp-json\/wp\/v2\/posts\/107867","targetHints":{"allow":["GET"]}}],"collection":[{"href":"https:\/\/prizrenpost.com\/al\/wp-json\/wp\/v2\/posts"}],"about":[{"href":"https:\/\/prizrenpost.com\/al\/wp-json\/wp\/v2\/types\/post"}],"author":[{"embeddable":true,"href":"https:\/\/prizrenpost.com\/al\/wp-json\/wp\/v2\/users\/1"}],"replies":[{"embeddable":true,"href":"https:\/\/prizrenpost.com\/al\/wp-json\/wp\/v2\/comments?post=107867"}],"version-history":[{"count":0,"href":"https:\/\/prizrenpost.com\/al\/wp-json\/wp\/v2\/posts\/107867\/revisions"}],"wp:featuredmedia":[{"embeddable":true,"href":"https:\/\/prizrenpost.com\/al\/wp-json\/wp\/v2\/media\/94304"}],"wp:attachment":[{"href":"https:\/\/prizrenpost.com\/al\/wp-json\/wp\/v2\/media?parent=107867"}],"wp:term":[{"taxonomy":"category","embeddable":true,"href":"https:\/\/prizrenpost.com\/al\/wp-json\/wp\/v2\/categories?post=107867"},{"taxonomy":"post_tag","embeddable":true,"href":"https:\/\/prizrenpost.com\/al\/wp-json\/wp\/v2\/tags?post=107867"}],"curies":[{"name":"wp","href":"https:\/\/api.w.org\/{rel}","templated":true}]}}