{"id":107869,"date":"2026-04-27T17:50:44","date_gmt":"2026-04-27T14:50:44","guid":{"rendered":"https:\/\/prizrenpost.com\/al\/nga-10-ne-5-ose-3-kqz-ja-i-rekomandon-kuvendit-uljen-e-votes-preferenciale-per-deputete\/"},"modified":"2026-04-27T17:50:44","modified_gmt":"2026-04-27T14:50:44","slug":"nga-10-ne-5-ose-3-kqz-ja-i-rekomandon-kuvendit-uljen-e-votes-preferenciale-per-deputete","status":"publish","type":"post","link":"https:\/\/prizrenpost.com\/al\/nga-10-ne-5-ose-3-kqz-ja-i-rekomandon-kuvendit-uljen-e-votes-preferenciale-per-deputete\/","title":{"rendered":"\u201cNga 10 n\u00eb 5 ose 3\u201d, KQZ-ja i rekomandon Kuvendit uljen e vot\u00ebs preferenciale p\u00ebr deputet\u00eb"},"content":{"rendered":"<figure class=\"post-featured-image\"><img decoding=\"async\" src=\"https:\/\/prizrenpost.com\/al\/wp-content\/uploads\/2026\/04\/votattttt.jpg\" alt=\"\u201cNga 10 n\u00eb 5 ose 3\u201d, KQZ-ja i rekomandon Kuvendit uljen e vot\u00ebs preferenciale p\u00ebr deputet\u00eb\"\/><\/figure>\n<p>Kryetari i Komisionit Qendror t\u00eb Zgjedhjeve, Kreshnik Radoniqi, i ka d\u00ebrguar nj\u00eb shkres\u00eb kryetares s\u00eb Kuvendit t\u00eb Kosov\u00ebs, Albulena Haxhiu, n\u00eb t\u00eb cil\u00ebn p\u00ebrfshihet rekomandimi p\u00ebr uljen e numrit t\u00eb votave preferenciale p\u00ebr kandidat\u00ebt p\u00ebr deputet\u00eb. Ky propozim vjen n\u00eb kuad\u00ebr t\u00eb ndryshimeve dhe plot\u00ebsimeve t\u00eb Ligjit p\u00ebr Zgjedhjet e P\u00ebrgjithshme.<\/p>\n<p>\u00c7\u00ebshtja u ngrit gjat\u00eb mbledhjes s\u00eb KQZ-s\u00eb, ku an\u00ebtari i PDK-s\u00eb, Ilir Gashi, deklaroi se nuk kishte dijeni p\u00ebr ekzistenc\u00ebn e nj\u00eb shkres\u00eb t\u00eb till\u00eb.<\/p>\n<p>N\u00eb reagimin e tij, Radoniqi konfirmoi se dokumenti \u00ebsht\u00eb d\u00ebrguar pa konsultim paraprak me an\u00ebtar\u00ebt e tjer\u00eb t\u00eb KQZ-s\u00eb, duke nxitur k\u00ebshtu diskutime lidhur me procedurat e ndjekura dhe transparenc\u00ebn brenda institucionit.<\/p>\n<p>Rekomandimi p\u00ebr uljen e votave preferenciale pritet t\u00eb jet\u00eb pjes\u00eb e debatit m\u00eb t\u00eb gjer\u00eb p\u00ebr reform\u00ebn zgjedhore n\u00eb Kosov\u00eb, nd\u00ebrsa mbetet t\u00eb shihet se si do t\u00eb trajtohet nga Kuvendi n\u00eb fazat e ardhshme t\u00eb shqyrtimit t\u00eb ligjit.<\/p>\n<p>\u201cShkres\u00ebn p\u00ebr kryetaren e Kuvendit t\u00eb Kosov\u00ebs e kam d\u00ebrgu t\u00eb premten. \u00cbsht\u00eb e v\u00ebrtet\u00eb q\u00eb nuk e kam konsultu me ju, \u00ebsht\u00eb gabimi im, k\u00ebrkoj falje. Ne i kemi t\u00eb miratuara rekomandimet p\u00ebr ndryshimet ligjore, duke p\u00ebrfshi edhe k\u00ebt\u00eb rekomandim. Kur e kam diskutu me Sekretariatin e KQZ-s\u00eb jav\u00ebn e kaluar, ka qen\u00eb k\u00ebrkes\u00eb nga ta q\u00eb n\u00ebse shkojm\u00eb n\u00eb zgjedhje, nj\u00eb \u00e7\u00ebshtje e till\u00eb do ta leht\u00ebsonte pun\u00ebn. Rekomandimi \u00ebsht\u00eb q\u00eb vota preferenciale t\u00eb ul\u00ebt n\u00eb 5 ose 3. Po, nuk e kam konsultu me ju, kam b\u00ebr\u00eb gabim por nuk \u00ebsht\u00eb di\u00e7ka q\u00eb nuk kemi pas dakordim\u201d, deklaroi ai gjat\u00eb mbledhjes transmeton Klankosova.tv.<\/p>\n<p>An\u00ebtar\u00ebt e Komisionit Qendror t\u00eb Zgjedhjeve kan\u00eb reaguar lidhur me rekomandimet e fundit q\u00eb pritet t\u2019i d\u00ebrgohen Kuvendit t\u00eb Kosov\u00ebs n\u00eb kuad\u00ebr t\u00eb ndryshimeve n\u00eb Ligjin p\u00ebr Zgjedhjet e P\u00ebrgjithshme.<\/p>\n<p>An\u00ebtari i KQZ-s\u00eb nga AAK, Muharrem Nitaj, theksoi se propozime t\u00eb tilla duhet t\u00eb kalojn\u00eb p\u00ebrmes nj\u00eb procesi t\u00eb rregullt konsultimi. Ai vuri n\u00eb dukje se ndryshimi i ligjit k\u00ebrkon procedura m\u00eb t\u00eb nd\u00ebrlikuara dhe votim me dy t\u00eb tretat e deputet\u00ebve n\u00eb Kuvend, gj\u00eb q\u00eb sipas tij \u00ebsht\u00eb v\u00ebshtir\u00eb e arritshme.<\/p>\n<p>\u201cPropozimi p\u00ebr me ndryshu qoft\u00eb edhe nj\u00eb pik\u00eb t\u00eb vetme e k\u00ebrkon nj\u00eb procedur\u00eb m\u00eb t\u00eb komplikuar. Nj\u00eb rekomandim i till\u00eb p\u00ebr ndryshim-plot\u00ebsim t\u00eb ligjit k\u00ebrkon 2\/3 e votave t\u00eb deputet\u00ebve t\u00eb Kuvendit t\u00eb Kosov\u00ebs, gj\u00eb q\u00eb pothuajse \u00ebsht\u00eb e pamundur. Edhe kjo \u00e7\u00ebshtje q\u00eb u pranua se nuk \u00ebsht\u00eb konsultuar, do t\u00eb duhej t\u00eb b\u00ebhej n\u00eb konsultim\u201d, deklaroi Nitaj.<\/p>\n<hr style=\"margin:30px 0\"\/>\n<p style=\"font-size:13px;color:#666\">Burimi: <strong>klankosova<\/strong><\/p>\n","protected":false},"excerpt":{"rendered":"<p>Kryetari i Komisionit Qendror t\u00eb Zgjedhjeve, Kreshnik Radoniqi, i ka d\u00ebrguar nj\u00eb shkres\u00eb kryetares s\u00eb Kuvendit t\u00eb Kosov\u00ebs, Albulena Haxhiu, n\u00eb t\u00eb cil\u00ebn p\u00ebrfshihet rekomandimi p\u00ebr uljen e numrit t\u00eb votave preferenciale p\u00ebr kandidat\u00ebt p\u00ebr deputet\u00eb. Ky propozim vjen n\u00eb kuad\u00ebr t\u00eb ndryshimeve dhe plot\u00ebsimeve t\u00eb Ligjit p\u00ebr Zgjedhjet e P\u00ebrgjithshme. \u00c7\u00ebshtja u ngrit gjat\u00eb [&hellip;]<\/p>\n","protected":false},"author":1,"featured_media":107868,"comment_status":"open","ping_status":"open","sticky":false,"template":"","format":"standard","meta":{"footnotes":""},"categories":[17],"tags":[],"class_list":["post-107869","post","type-post","status-publish","format-standard","has-post-thumbnail","hentry","category-kronike"],"_links":{"self":[{"href":"https:\/\/prizrenpost.com\/al\/wp-json\/wp\/v2\/posts\/107869","targetHints":{"allow":["GET"]}}],"collection":[{"href":"https:\/\/prizrenpost.com\/al\/wp-json\/wp\/v2\/posts"}],"about":[{"href":"https:\/\/prizrenpost.com\/al\/wp-json\/wp\/v2\/types\/post"}],"author":[{"embeddable":true,"href":"https:\/\/prizrenpost.com\/al\/wp-json\/wp\/v2\/users\/1"}],"replies":[{"embeddable":true,"href":"https:\/\/prizrenpost.com\/al\/wp-json\/wp\/v2\/comments?post=107869"}],"version-history":[{"count":0,"href":"https:\/\/prizrenpost.com\/al\/wp-json\/wp\/v2\/posts\/107869\/revisions"}],"wp:featuredmedia":[{"embeddable":true,"href":"https:\/\/prizrenpost.com\/al\/wp-json\/wp\/v2\/media\/107868"}],"wp:attachment":[{"href":"https:\/\/prizrenpost.com\/al\/wp-json\/wp\/v2\/media?parent=107869"}],"wp:term":[{"taxonomy":"category","embeddable":true,"href":"https:\/\/prizrenpost.com\/al\/wp-json\/wp\/v2\/categories?post=107869"},{"taxonomy":"post_tag","embeddable":true,"href":"https:\/\/prizrenpost.com\/al\/wp-json\/wp\/v2\/tags?post=107869"}],"curies":[{"name":"wp","href":"https:\/\/api.w.org\/{rel}","templated":true}]}}