{"id":107885,"date":"2026-04-27T19:45:17","date_gmt":"2026-04-27T16:45:17","guid":{"rendered":"https:\/\/prizrenpost.com\/al\/kurti-sot-opozita-ka-mundur-ta-kishte-presidentin-e-vet\/"},"modified":"2026-04-27T19:45:17","modified_gmt":"2026-04-27T16:45:17","slug":"kurti-sot-opozita-ka-mundur-ta-kishte-presidentin-e-vet","status":"publish","type":"post","link":"https:\/\/prizrenpost.com\/al\/kurti-sot-opozita-ka-mundur-ta-kishte-presidentin-e-vet\/","title":{"rendered":"Kurti: Sot opozita ka mundur ta kishte presidentin e vet"},"content":{"rendered":"<figure class=\"post-featured-image\"><img decoding=\"async\" src=\"https:\/\/prizrenpost.com\/al\/wp-content\/uploads\/2026\/04\/kurti-2.jpg\" alt=\"Kurti: Sot opozita ka mundur ta kishte presidentin e vet\"\/><\/figure>\n<p>Kryeministri i Kosov\u00ebs, Albin Kurti, ka marr\u00eb fjal\u00ebn n\u00eb Kuvendin e Kosov\u00ebs n\u00eb seanc\u00ebn e jasht\u00ebzakonshme t\u00eb thirrur nga L\u00ebvizja Vet\u00ebvendosje, ku po diskutohet p\u00ebr zgjedhjen e presidentit.<\/p>\n<p>Kurti tha se Vet\u00ebvendosje ka ftuar Partia Demokratike e Kosov\u00ebs dhe Lidhja Demokratike e Kosov\u00ebs q\u00eb s\u00eb bashku t\u00eb propozojn\u00eb tre emra konsensual\u00eb p\u00ebr president t\u00eb vendit.<\/p>\n<p>\u201cE ftuam PDK-n\u00eb dhe LDK-n\u00eb q\u00eb bashk\u00ebrisht t\u00eb propozojm\u00eb tre emra dhe k\u00ebta tre emra t\u00eb jen\u00eb unifikues, konsensual\u00eb, me merita, vlera dhe kontribut, dhe t\u00eb jen\u00eb jasht\u00eb sken\u00ebs aktuale politike, jasht\u00eb k\u00ebtyre polemikave q\u00eb fatkeq\u00ebsisht p\u00ebr s\u00eb tep\u00ebrmi e karakterizojn\u00eb ambientin politik n\u00eb Kosov\u00eb\u201d, deklaroi Kurti.<\/p>\n<p>Ai shtoi se ka shum\u00eb figura akademike dhe profesionale n\u00eb Kosov\u00eb q\u00eb do t\u2019i b\u00ebnin nder institucionit t\u00eb presidentit.<\/p>\n<p>\u201cUn\u00eb besoj q\u00eb n\u00eb Republik\u00ebn e Kosov\u00ebs ka shum\u00eb profesor\u00eb dhe figura q\u00eb do t\u2019i b\u00ebnin nder vendit duke u b\u00ebr\u00eb president\u00eb t\u00eb Republik\u00ebs\u201d, u shpreh ai.<\/p>\n<p>Sipas Kurtit, VV-ja ka k\u00ebrkuar nga LDK dhe PDK q\u00eb secila t\u00eb propozoj\u00eb nga nj\u00eb em\u00ebr, nd\u00ebrsa nj\u00eb i tret\u00eb t\u00eb jet\u00eb i p\u00ebrbashk\u00ebt, duke ofruar edhe garanci p\u00ebr votim dhe n\u00ebnshkrime.<\/p>\n<p>Ai tha se, n\u00ebse kjo ofert\u00eb do t\u00eb pranohej, kandidat\u00eb aktual\u00eb do t\u00eb t\u00ebrhiqeshin nga gara, duke p\u00ebrmendur se disa figura kan\u00eb shprehur gatishm\u00ebri p\u00ebr t\u00eb mos kandiduar n\u00eb kushte t\u00eb tilla.<\/p>\n<p>Kurti theksoi se n\u00eb k\u00ebt\u00eb m\u00ebnyr\u00eb presidenti i ardhsh\u00ebm do t\u00eb ishte rezultat i nj\u00eb marr\u00ebveshjeje mes opozit\u00ebs dhe shumic\u00ebs, por sipas tij, oferta \u00ebsht\u00eb refuzuar.<\/p>\n<p>\u201cSot opozita ka mundur ta kishte presidentin e vet, por kjo ofert\u00eb u refuzua\u201d, tha Kurti.<\/p>\n<p>Kurti tha se ata \u201cnuk kan\u00eb qen\u00eb t\u00eb interesuar\u201d.<\/p>\n<p>T\u00eb shtun\u00ebn n\u00eb m\u00ebngjes, LVV-ja k\u00ebrkoi nga PDK-ja dhe LDK-ja tre emra p\u00ebr President, por pa p\u00ebrmendur aty mb\u00ebshtetjen e mundshme n\u00eb Kuvend.<\/p>\n<p>N\u00eb at\u00eb propozim, LVV p\u00ebrmendte vet\u00ebm n\u00ebnshkrimet p\u00ebr t\u2019i \u00e7uar kandidat\u00ebt n\u00eb Kuvend.<\/p>\n<p>\u201cK\u00ebta tre kandidat\u00eb duhet t\u00eb jen\u00eb figura unifikuese, me integritet t\u00eb lart\u00eb qytetar e komb\u00ebtar, me kontribut t\u00eb d\u00ebshmuar n\u00eb jet\u00ebn profesionale dhe shoq\u00ebrore, dhe jasht\u00eb sken\u00ebs aktuale politike. P\u00ebr k\u00ebta t\u00eb tre do t\u00eb siguroheshin s\u00eb paku 90 n\u00ebnshkrime t\u00eb deputet\u00ebve t\u00eb Kuvendit t\u00eb Republik\u00ebs s\u00eb Kosov\u00ebs. Me at\u00eb rast, paraprakisht do t\u00eb t\u00ebrhiqeshin nga kandidatura Z\u00ebvend\u00ebs-kryeministri dhe Ministri i pun\u00ebve t\u00eb jashtme dhe diaspor\u00ebs Glauk Konjufca e deputetja Dr. Fatmire Mulhaxha-Koll\u00e7aku\u201d, thuhej n\u00eb propozimin e LVV-s\u00eb t\u00eb shtun\u00ebn.<\/p>\n<hr style=\"margin:30px 0\"\/>\n<p style=\"font-size:13px;color:#666\">Burimi: <strong>mesazhi<\/strong><\/p>\n","protected":false},"excerpt":{"rendered":"<p>Kryeministri i Kosov\u00ebs, Albin Kurti, ka marr\u00eb fjal\u00ebn n\u00eb Kuvendin e Kosov\u00ebs n\u00eb seanc\u00ebn e jasht\u00ebzakonshme t\u00eb thirrur nga L\u00ebvizja Vet\u00ebvendosje, ku po diskutohet p\u00ebr zgjedhjen e presidentit. Kurti tha se Vet\u00ebvendosje ka ftuar Partia Demokratike e Kosov\u00ebs dhe Lidhja Demokratike e Kosov\u00ebs q\u00eb s\u00eb bashku t\u00eb propozojn\u00eb tre emra konsensual\u00eb p\u00ebr president t\u00eb vendit. [&hellip;]<\/p>\n","protected":false},"author":1,"featured_media":107884,"comment_status":"open","ping_status":"open","sticky":false,"template":"","format":"standard","meta":{"footnotes":""},"categories":[14],"tags":[3803],"class_list":["post-107885","post","type-post","status-publish","format-standard","has-post-thumbnail","hentry","category-kombetare","tag-aktuale"],"_links":{"self":[{"href":"https:\/\/prizrenpost.com\/al\/wp-json\/wp\/v2\/posts\/107885","targetHints":{"allow":["GET"]}}],"collection":[{"href":"https:\/\/prizrenpost.com\/al\/wp-json\/wp\/v2\/posts"}],"about":[{"href":"https:\/\/prizrenpost.com\/al\/wp-json\/wp\/v2\/types\/post"}],"author":[{"embeddable":true,"href":"https:\/\/prizrenpost.com\/al\/wp-json\/wp\/v2\/users\/1"}],"replies":[{"embeddable":true,"href":"https:\/\/prizrenpost.com\/al\/wp-json\/wp\/v2\/comments?post=107885"}],"version-history":[{"count":0,"href":"https:\/\/prizrenpost.com\/al\/wp-json\/wp\/v2\/posts\/107885\/revisions"}],"wp:featuredmedia":[{"embeddable":true,"href":"https:\/\/prizrenpost.com\/al\/wp-json\/wp\/v2\/media\/107884"}],"wp:attachment":[{"href":"https:\/\/prizrenpost.com\/al\/wp-json\/wp\/v2\/media?parent=107885"}],"wp:term":[{"taxonomy":"category","embeddable":true,"href":"https:\/\/prizrenpost.com\/al\/wp-json\/wp\/v2\/categories?post=107885"},{"taxonomy":"post_tag","embeddable":true,"href":"https:\/\/prizrenpost.com\/al\/wp-json\/wp\/v2\/tags?post=107885"}],"curies":[{"name":"wp","href":"https:\/\/api.w.org\/{rel}","templated":true}]}}