{"id":107889,"date":"2026-04-27T20:30:23","date_gmt":"2026-04-27T17:30:23","guid":{"rendered":"https:\/\/prizrenpost.com\/al\/shefi-i-okb-se-kerkon-rihapjen-e-menjehershme-te-ngushtices-se-hormuzit-mes-krizes-globale-tregtare\/"},"modified":"2026-04-27T20:30:23","modified_gmt":"2026-04-27T17:30:23","slug":"shefi-i-okb-se-kerkon-rihapjen-e-menjehershme-te-ngushtices-se-hormuzit-mes-krizes-globale-tregtare","status":"publish","type":"post","link":"https:\/\/prizrenpost.com\/al\/shefi-i-okb-se-kerkon-rihapjen-e-menjehershme-te-ngushtices-se-hormuzit-mes-krizes-globale-tregtare\/","title":{"rendered":"Shefi i OKB-s\u00eb k\u00ebrkon rihapjen e menj\u00ebhershme t\u00eb Ngushtic\u00ebs s\u00eb Hormuzit mes kriz\u00ebs globale tregtare"},"content":{"rendered":"<figure class=\"post-featured-image\"><img decoding=\"async\" src=\"https:\/\/prizrenpost.com\/al\/wp-content\/uploads\/2026\/04\/thumbs_b_c_2f80d7aa4d72cf2d90664f6cc0c58708.jpg\" alt=\"Shefi i OKB-s\u00eb k\u00ebrkon rihapjen e menj\u00ebhershme t\u00eb Ngushtic\u00ebs s\u00eb Hormuzit mes kriz\u00ebs globale tregtare\"\/><\/figure>\n<p>Sekretari i P\u00ebrgjithsh\u00ebm i OKB-s\u00eb, Antonio Guterres, b\u00ebri thirrje p\u00ebr rihapjen e Ngushtic\u00ebs s\u00eb Hormuzit n\u00eb kushtet e ngecjes s\u00eb bisedimeve t\u00eb paqes mes SHBA-s\u00eb dhe Iranit, transmeton Anadolu.<\/p>\n<p>\u201cU b\u00ebj thirrje pal\u00ebve: Hapeni Ngushtic\u00ebn. L\u00ebrini anijet t\u00eb kalojn\u00eb. Pa tarifa. Pa diskriminim. L\u00ebreni tregtin\u00eb t\u00eb rifilloj\u00eb. L\u00ebreni ekonomin\u00eb globale t\u00eb marr\u00eb frym\u00eb\u201d, tha Guterres gjat\u00eb nj\u00eb debati t\u00eb nivelit t\u00eb lart\u00eb n\u00eb K\u00ebshillin e Sigurimit t\u00eb OKB-s\u00eb p\u00ebr sigurin\u00eb detare.<\/p>\n<p>Ngushtica e Hormuzit \u2014 p\u00ebrmes s\u00eb cil\u00ebs kalon rreth nj\u00eb e pesta e naft\u00ebs dhe gazit natyror t\u00eb l\u00ebngsh\u00ebm n\u00eb bot\u00eb \u2014 ka p\u00ebrjetuar nd\u00ebrprerje t\u00eb m\u00ebdha q\u00eb nga fillimi i marsit, pasi SHBA-ja dhe Izraeli nis\u00ebn nj\u00eb ofensiv\u00eb t\u00eb p\u00ebrbashk\u00ebt kund\u00ebr Iranit m\u00eb 28 shkurt. Lufta aktualisht \u00ebsht\u00eb n\u00eb pauz\u00eb dhe po b\u00ebhen p\u00ebrpjekje p\u00ebr ta p\u00ebrfunduar p\u00ebrfundimisht.<\/p>\n<p>\u201cQ\u00eb nga fillimi i marsit, nd\u00ebrprerja e transportit detar p\u00ebrmes Ngushtic\u00ebs s\u00eb Hormuzit ka goditur sigurin\u00eb energjetike globale, furnizimet me ushqim dhe tregtin\u00eb. Ngushtica e Hormuzit \u00ebsht\u00eb nj\u00eb nga pikat m\u00eb kritike detare t\u00eb bot\u00ebs\u201d, tha Guterres.<\/p>\n<hr style=\"margin:30px 0\"\/>\n<p style=\"font-size:13px;color:#666\">Burimi: <strong>mesazhi<\/strong><\/p>\n","protected":false},"excerpt":{"rendered":"<p>Sekretari i P\u00ebrgjithsh\u00ebm i OKB-s\u00eb, Antonio Guterres, b\u00ebri thirrje p\u00ebr rihapjen e Ngushtic\u00ebs s\u00eb Hormuzit n\u00eb kushtet e ngecjes s\u00eb bisedimeve t\u00eb paqes mes SHBA-s\u00eb dhe Iranit, transmeton Anadolu. \u201cU b\u00ebj thirrje pal\u00ebve: Hapeni Ngushtic\u00ebn. L\u00ebrini anijet t\u00eb kalojn\u00eb. Pa tarifa. Pa diskriminim. L\u00ebreni tregtin\u00eb t\u00eb rifilloj\u00eb. L\u00ebreni ekonomin\u00eb globale t\u00eb marr\u00eb frym\u00eb\u201d, tha Guterres [&hellip;]<\/p>\n","protected":false},"author":1,"featured_media":107888,"comment_status":"open","ping_status":"open","sticky":false,"template":"","format":"standard","meta":{"footnotes":""},"categories":[24],"tags":[3803],"class_list":["post-107889","post","type-post","status-publish","format-standard","has-post-thumbnail","hentry","category-bote","tag-aktuale"],"_links":{"self":[{"href":"https:\/\/prizrenpost.com\/al\/wp-json\/wp\/v2\/posts\/107889","targetHints":{"allow":["GET"]}}],"collection":[{"href":"https:\/\/prizrenpost.com\/al\/wp-json\/wp\/v2\/posts"}],"about":[{"href":"https:\/\/prizrenpost.com\/al\/wp-json\/wp\/v2\/types\/post"}],"author":[{"embeddable":true,"href":"https:\/\/prizrenpost.com\/al\/wp-json\/wp\/v2\/users\/1"}],"replies":[{"embeddable":true,"href":"https:\/\/prizrenpost.com\/al\/wp-json\/wp\/v2\/comments?post=107889"}],"version-history":[{"count":0,"href":"https:\/\/prizrenpost.com\/al\/wp-json\/wp\/v2\/posts\/107889\/revisions"}],"wp:featuredmedia":[{"embeddable":true,"href":"https:\/\/prizrenpost.com\/al\/wp-json\/wp\/v2\/media\/107888"}],"wp:attachment":[{"href":"https:\/\/prizrenpost.com\/al\/wp-json\/wp\/v2\/media?parent=107889"}],"wp:term":[{"taxonomy":"category","embeddable":true,"href":"https:\/\/prizrenpost.com\/al\/wp-json\/wp\/v2\/categories?post=107889"},{"taxonomy":"post_tag","embeddable":true,"href":"https:\/\/prizrenpost.com\/al\/wp-json\/wp\/v2\/tags?post=107889"}],"curies":[{"name":"wp","href":"https:\/\/api.w.org\/{rel}","templated":true}]}}