{"id":107893,"date":"2026-04-27T20:30:35","date_gmt":"2026-04-27T17:30:35","guid":{"rendered":"https:\/\/prizrenpost.com\/al\/shkollat-dhe-autobuset-nuk-do-te-punojne-ne-veri-te-izraelit-per-shkak-te-sulmeve-te-hezbollahut\/"},"modified":"2026-04-27T20:30:35","modified_gmt":"2026-04-27T17:30:35","slug":"shkollat-dhe-autobuset-nuk-do-te-punojne-ne-veri-te-izraelit-per-shkak-te-sulmeve-te-hezbollahut","status":"publish","type":"post","link":"https:\/\/prizrenpost.com\/al\/shkollat-dhe-autobuset-nuk-do-te-punojne-ne-veri-te-izraelit-per-shkak-te-sulmeve-te-hezbollahut\/","title":{"rendered":"Shkollat \u200b\u200bdhe autobus\u00ebt nuk do t\u00eb punojn\u00eb n\u00eb veri t\u00eb Izraelit p\u00ebr shkak t\u00eb sulmeve t\u00eb Hezbollahut"},"content":{"rendered":"<figure class=\"post-featured-image\"><img decoding=\"async\" src=\"https:\/\/prizrenpost.com\/al\/wp-content\/uploads\/2026\/04\/thumbs_b_c_cb9ab41edf70e1a16f91405cc1214ba5.jpg\" alt=\"Shkollat \u200b\u200bdhe autobus\u00ebt nuk do t\u00eb punojn\u00eb n\u00eb veri t\u00eb Izraelit p\u00ebr shkak t\u00eb sulmeve t\u00eb Hezbollahut\"\/><\/figure>\n<p>Shkollat \u200b\u200bdhe sh\u00ebrbimet e autobus\u00ebve n\u00eb veri t\u00eb Izraelit do t\u00eb pezullohen q\u00eb nga e marta p\u00ebr shkak t\u00eb raketave t\u00eb Hezbollahut nga Libani, transmeton Anadolu.<\/p>\n<p>Transmetuesi publik KAN tha se ky veprim u mor nga krer\u00ebt e k\u00ebshillave lokale t\u00eb vendbanimeve izraelite &#8220;si nj\u00eb mas\u00eb e nevojshme p\u00ebr t\u00eb mbrojtur nx\u00ebn\u00ebsit n\u00eb mes t\u00eb nj\u00eb gjendjeje t\u00eb p\u00ebrkeq\u00ebsuar t\u00eb siguris\u00eb&#8221;. Mbetet e paqart\u00eb se sa koh\u00eb do t\u00eb q\u00ebndroj\u00eb n\u00eb fuqi vendimi.<\/p>\n<p>Nj\u00eb arm\u00ebpushim 10-ditor u shpall midis Libanit dhe Izraelit m\u00eb 17 prill, megjith\u00ebse u shkel vazhdimisht nga Tel Avivi. T\u00eb enjten, presidenti i SHBA-s\u00eb, Donald Trump tha se Libani dhe Izraeli ran\u00eb dakord t\u00eb zgjasin arm\u00ebpushimin me tre jav\u00eb.<\/p>\n<p>Hezbollahu ka kryer nj\u00eb seri sulmesh me dron\u00eb q\u00eb synojn\u00eb ushtar\u00ebt izraelit\u00eb n\u00eb jug t\u00eb Libanit dhe veriun e Izraelit, duke p\u00ebrmendur shkeljet e p\u00ebrs\u00ebritura t\u00eb arm\u00ebpushimit nga Izraeli.<\/p>\n<p>M\u00eb shum\u00eb se 2.500 njer\u00ebz jan\u00eb vrar\u00eb dhe mbi 1.6 milion jan\u00eb zhvendosur nga sulmet izraelite n\u00eb t\u00eb gjith\u00eb Libanin q\u00eb nga 2 marsi, tregojn\u00eb shifrat zyrtare libaneze.<\/p>\n<hr style=\"margin:30px 0\"\/>\n<p style=\"font-size:13px;color:#666\">Burimi: <strong>mesazhi<\/strong><\/p>\n","protected":false},"excerpt":{"rendered":"<p>Shkollat \u200b\u200bdhe sh\u00ebrbimet e autobus\u00ebve n\u00eb veri t\u00eb Izraelit do t\u00eb pezullohen q\u00eb nga e marta p\u00ebr shkak t\u00eb raketave t\u00eb Hezbollahut nga Libani, transmeton Anadolu. Transmetuesi publik KAN tha se ky veprim u mor nga krer\u00ebt e k\u00ebshillave lokale t\u00eb vendbanimeve izraelite &#8220;si nj\u00eb mas\u00eb e nevojshme p\u00ebr t\u00eb mbrojtur nx\u00ebn\u00ebsit n\u00eb mes t\u00eb [&hellip;]<\/p>\n","protected":false},"author":1,"featured_media":107892,"comment_status":"open","ping_status":"open","sticky":false,"template":"","format":"standard","meta":{"footnotes":""},"categories":[24],"tags":[3803],"class_list":["post-107893","post","type-post","status-publish","format-standard","has-post-thumbnail","hentry","category-bote","tag-aktuale"],"_links":{"self":[{"href":"https:\/\/prizrenpost.com\/al\/wp-json\/wp\/v2\/posts\/107893","targetHints":{"allow":["GET"]}}],"collection":[{"href":"https:\/\/prizrenpost.com\/al\/wp-json\/wp\/v2\/posts"}],"about":[{"href":"https:\/\/prizrenpost.com\/al\/wp-json\/wp\/v2\/types\/post"}],"author":[{"embeddable":true,"href":"https:\/\/prizrenpost.com\/al\/wp-json\/wp\/v2\/users\/1"}],"replies":[{"embeddable":true,"href":"https:\/\/prizrenpost.com\/al\/wp-json\/wp\/v2\/comments?post=107893"}],"version-history":[{"count":0,"href":"https:\/\/prizrenpost.com\/al\/wp-json\/wp\/v2\/posts\/107893\/revisions"}],"wp:featuredmedia":[{"embeddable":true,"href":"https:\/\/prizrenpost.com\/al\/wp-json\/wp\/v2\/media\/107892"}],"wp:attachment":[{"href":"https:\/\/prizrenpost.com\/al\/wp-json\/wp\/v2\/media?parent=107893"}],"wp:term":[{"taxonomy":"category","embeddable":true,"href":"https:\/\/prizrenpost.com\/al\/wp-json\/wp\/v2\/categories?post=107893"},{"taxonomy":"post_tag","embeddable":true,"href":"https:\/\/prizrenpost.com\/al\/wp-json\/wp\/v2\/tags?post=107893"}],"curies":[{"name":"wp","href":"https:\/\/api.w.org\/{rel}","templated":true}]}}