{"id":107897,"date":"2026-04-27T20:30:50","date_gmt":"2026-04-27T17:30:50","guid":{"rendered":"https:\/\/prizrenpost.com\/al\/japonia-aktiviteti-ekonomik-nuk-duhet-te-ndalet-per-shkak-te-tronditjes-energjetike-ne-lindjen-e-mesme\/"},"modified":"2026-04-27T20:30:50","modified_gmt":"2026-04-27T17:30:50","slug":"japonia-aktiviteti-ekonomik-nuk-duhet-te-ndalet-per-shkak-te-tronditjes-energjetike-ne-lindjen-e-mesme","status":"publish","type":"post","link":"https:\/\/prizrenpost.com\/al\/japonia-aktiviteti-ekonomik-nuk-duhet-te-ndalet-per-shkak-te-tronditjes-energjetike-ne-lindjen-e-mesme\/","title":{"rendered":"Japonia: Aktiviteti ekonomik \u201cnuk duhet t\u00eb ndalet\u201d p\u00ebr shkak t\u00eb tronditjes energjetike n\u00eb Lindjen e Mesme"},"content":{"rendered":"<figure class=\"post-featured-image\"><img decoding=\"async\" src=\"https:\/\/prizrenpost.com\/al\/wp-content\/uploads\/2026\/04\/sanae.jpg\" alt=\"Japonia: Aktiviteti ekonomik \u201cnuk duhet t\u00eb ndalet\u201d p\u00ebr shkak t\u00eb tronditjes energjetike n\u00eb Lindjen e Mesme\"\/><\/figure>\n<p>Kryeministrja japoneze, Sanae Takaichi, tha t\u00eb h\u00ebn\u00ebn se aktiviteti ekonomik dhe shoq\u00ebror &#8220;nuk duhet t\u00eb ndalet&#8221; p\u00ebr shkak t\u00eb nd\u00ebrprerjeve t\u00eb energjis\u00eb t\u00eb shkaktuara nga konflikti n\u00eb Lindjen e Mesme, transmeton Anadolu.<\/p>\n<p>Sipas raportimeve t\u00eb mediave lokale nga Kyodo News me seli n\u00eb Tokio, komentet e saj erdh\u00ebn disa dit\u00eb pasi qeveria japoneze i k\u00ebrkoi publikut t\u00eb kufizoj\u00eb p\u00ebrdorimin e energjis\u00eb p\u00ebr shkak t\u00eb pasigurive t\u00eb furnizimit si pasoj\u00eb e luft\u00ebs n\u00eb Lindjen e Mesme.<\/p>\n<p>&#8220;Nuk besoj se aktiviteti ekonomik ose shoq\u00ebror duhet t\u00eb ndalet n\u00eb k\u00ebt\u00eb pik\u00eb,&#8221; tha Takaichi n\u00eb p\u00ebrgjigje t\u00eb nj\u00eb pyetjeje n\u00eb parlament nga nj\u00eb ligjv\u00ebn\u00ebs i opozit\u00ebs mbi nevoj\u00ebn p\u00ebr t\u00eb zbatuar masa emergjente ekonomike.<\/p>\n<p>Mbyllja efektive e Ngushtic\u00ebs s\u00eb Hormuzit p\u00ebr shkak t\u00eb luft\u00ebs SHBA-Izrael kund\u00ebr Iranit, e cila filloi m\u00eb 28 shkurt, ka b\u00ebr\u00eb q\u00eb vendet aziatike t\u00eb varf\u00ebra me burime, p\u00ebrfshir\u00eb Japonin\u00eb, t\u00eb k\u00ebrkojn\u00eb uljen e konsumit t\u00eb karburantit.<\/p>\n<p>Japonia mb\u00ebshtetet n\u00eb Lindjen e Mesme p\u00ebr importet e naft\u00ebs s\u00eb pap\u00ebrpunuar.<\/p>\n<p>Takaichi tha m\u00eb tej se qeveria e saj po punon p\u00ebr t\u00eb siguruar furnizime me naft\u00eb nga burime t\u00eb tjera.<\/p>\n<p>Japonia ka publikuar dy her\u00eb rezervat e saj strategjike t\u00eb naft\u00ebs, me nj\u00eb publikim t\u00eb tret\u00eb t\u00eb planifikuar p\u00ebr 1 maj.<\/p>\n<p>P\u00ebr momentin, Takaichi tha se nuk e sheh t\u00eb nevojshme t\u00eb hartoj\u00eb nj\u00eb buxhet plot\u00ebsues, me qeverin\u00eb e cila \u00ebsht\u00eb n\u00eb gjendje t\u00eb shfryt\u00ebzoj\u00eb fondet rezerv\u00eb t\u00eb buxhetit n\u00ebse \u00ebsht\u00eb e nevojshme p\u00ebr t&#8217;iu p\u00ebrgjigjur situat\u00ebs n\u00eb Lindjen e Mesme.<\/p>\n<p>Parlamenti miratoi nj\u00eb buxhet fiskal rekord prej 122.31 trilion\u00eb jen\u00ebsh (768 miliard\u00eb dollar\u00eb) p\u00ebr vitin 2026 n\u00eb fillim t\u00eb k\u00ebtij muaji.<\/p>\n<hr style=\"margin:30px 0\"\/>\n<p style=\"font-size:13px;color:#666\">Burimi: <strong>mesazhi<\/strong><\/p>\n","protected":false},"excerpt":{"rendered":"<p>Kryeministrja japoneze, Sanae Takaichi, tha t\u00eb h\u00ebn\u00ebn se aktiviteti ekonomik dhe shoq\u00ebror &#8220;nuk duhet t\u00eb ndalet&#8221; p\u00ebr shkak t\u00eb nd\u00ebrprerjeve t\u00eb energjis\u00eb t\u00eb shkaktuara nga konflikti n\u00eb Lindjen e Mesme, transmeton Anadolu. Sipas raportimeve t\u00eb mediave lokale nga Kyodo News me seli n\u00eb Tokio, komentet e saj erdh\u00ebn disa dit\u00eb pasi qeveria japoneze i k\u00ebrkoi [&hellip;]<\/p>\n","protected":false},"author":1,"featured_media":107896,"comment_status":"open","ping_status":"open","sticky":false,"template":"","format":"standard","meta":{"footnotes":""},"categories":[24],"tags":[3803],"class_list":["post-107897","post","type-post","status-publish","format-standard","has-post-thumbnail","hentry","category-bote","tag-aktuale"],"_links":{"self":[{"href":"https:\/\/prizrenpost.com\/al\/wp-json\/wp\/v2\/posts\/107897","targetHints":{"allow":["GET"]}}],"collection":[{"href":"https:\/\/prizrenpost.com\/al\/wp-json\/wp\/v2\/posts"}],"about":[{"href":"https:\/\/prizrenpost.com\/al\/wp-json\/wp\/v2\/types\/post"}],"author":[{"embeddable":true,"href":"https:\/\/prizrenpost.com\/al\/wp-json\/wp\/v2\/users\/1"}],"replies":[{"embeddable":true,"href":"https:\/\/prizrenpost.com\/al\/wp-json\/wp\/v2\/comments?post=107897"}],"version-history":[{"count":0,"href":"https:\/\/prizrenpost.com\/al\/wp-json\/wp\/v2\/posts\/107897\/revisions"}],"wp:featuredmedia":[{"embeddable":true,"href":"https:\/\/prizrenpost.com\/al\/wp-json\/wp\/v2\/media\/107896"}],"wp:attachment":[{"href":"https:\/\/prizrenpost.com\/al\/wp-json\/wp\/v2\/media?parent=107897"}],"wp:term":[{"taxonomy":"category","embeddable":true,"href":"https:\/\/prizrenpost.com\/al\/wp-json\/wp\/v2\/categories?post=107897"},{"taxonomy":"post_tag","embeddable":true,"href":"https:\/\/prizrenpost.com\/al\/wp-json\/wp\/v2\/tags?post=107897"}],"curies":[{"name":"wp","href":"https:\/\/api.w.org\/{rel}","templated":true}]}}