{"id":107907,"date":"2026-04-27T21:55:19","date_gmt":"2026-04-27T18:55:19","guid":{"rendered":"https:\/\/prizrenpost.com\/al\/nje-palestinez-vritet-dhe-nje-tjeter-plagoset-nga-te-shtenat-e-ushtrise-izraelite-ne-gaza-pavaresisht-armepushimit\/"},"modified":"2026-04-27T21:55:19","modified_gmt":"2026-04-27T18:55:19","slug":"nje-palestinez-vritet-dhe-nje-tjeter-plagoset-nga-te-shtenat-e-ushtrise-izraelite-ne-gaza-pavaresisht-armepushimit","status":"publish","type":"post","link":"https:\/\/prizrenpost.com\/al\/nje-palestinez-vritet-dhe-nje-tjeter-plagoset-nga-te-shtenat-e-ushtrise-izraelite-ne-gaza-pavaresisht-armepushimit\/","title":{"rendered":"Nj\u00eb palestinez vritet dhe nj\u00eb tjet\u00ebr plagoset nga t\u00eb sht\u00ebnat e ushtris\u00eb izraelite n\u00eb Gaza, pavar\u00ebsisht arm\u00ebpushimit"},"content":{"rendered":"<figure class=\"post-featured-image\"><img decoding=\"async\" src=\"https:\/\/prizrenpost.com\/al\/wp-content\/uploads\/2026\/04\/thumbs_b_c_96a3095856b7f8fb033d3d73525f7688.jpg\" alt=\"Nj\u00eb palestinez vritet dhe nj\u00eb tjet\u00ebr plagoset nga t\u00eb sht\u00ebnat e ushtris\u00eb izraelite n\u00eb Gaza, pavar\u00ebsisht arm\u00ebpushimit\"\/><\/figure>\n<p>Nj\u00eb palestinez u vra dhe nj\u00eb tjet\u00ebr u plagos nga zjarri i ushtris\u00eb izraelite n\u00eb Rripin verior t\u00eb Gaz\u00ebs sot, duke sh\u00ebnuar shkeljen e fundit t\u00eb nj\u00eb marr\u00ebveshjeje arm\u00ebpushimi n\u00eb fuqi q\u00eb nga tetori i kaluar, than\u00eb burimet mjek\u00ebsore, raporton Anadolu.<\/p>\n<p>Trupi i nj\u00eb 18-vje\u00e7ari u transferua n\u00eb Spitalin Al-Shifa n\u00eb Qytetin e Gaz\u00ebs pasi u q\u00ebllua nga forcat izraelite n\u00eb qytetin Beit Lahia, than\u00eb burimet p\u00ebr Anadolu.<\/p>\n<p>Nj\u00eb tjet\u00ebr palestinez u plagos nga zjarri izraelit n\u00eb t\u00eb nj\u00ebjt\u00ebn zon\u00eb, shtuan burimet.<\/p>\n<p>D\u00ebshmitar\u00ebt than\u00eb se sulmet ndodh\u00ebn n\u00eb zona jasht\u00eb vendosjeve t\u00eb ushtris\u00eb izraelite n\u00eb Gaz\u00ebn veriore.<\/p>\n<p>Burimet lokale than\u00eb gjithashtu se forcat izraelite kryen shembje t\u00eb nd\u00ebrtesave dhe objekteve palestineze brenda zonave n\u00ebn kontrollin e tyre n\u00eb lindje t\u00eb Qytetit t\u00eb Gaz\u00ebs, s\u00eb bashku me granatimet me artileri dhe t\u00eb sht\u00ebnat me arm\u00eb zjarri n\u00eb zon\u00ebn p\u00ebrreth.<\/p>\n<p>Artileria izraelite gjithashtu granatoi lagjet lindore t\u00eb Khan Younis n\u00eb Gaz\u00ebn jugore.<\/p>\n<p>Sipas Ministris\u00eb s\u00eb Sh\u00ebndet\u00ebsis\u00eb s\u00eb Gaz\u00ebs, t\u00eb pakt\u00ebn 817 palestinez\u00eb jan\u00eb vrar\u00eb dhe 2.296 jan\u00eb plagosur n\u00eb sulmet izraelite q\u00eb nga hyrja n\u00eb fuqi e arm\u00ebpushimit m\u00eb 10 tetor 2025.<\/p>\n<p>Arm\u00ebpushimi kishte p\u00ebr q\u00ebllim t\u00eb ndalonte dy vjet luft\u00eb izraelite q\u00eb filloi n\u00eb tetor 2023, duke vrar\u00eb m\u00eb shum\u00eb se 72.000 palestinez\u00eb dhe duke plagosur mbi 172.000 t\u00eb tjer\u00eb, nd\u00ebrsa shkaktoi shkat\u00ebrrime t\u00eb gjera n\u00eb rreth 90 p\u00ebr qind t\u00eb infrastruktur\u00ebs civile t\u00eb Gaz\u00ebs.<\/p>\n<hr style=\"margin:30px 0\"\/>\n<p style=\"font-size:13px;color:#666\">Burimi: <strong>mesazhi<\/strong><\/p>\n","protected":false},"excerpt":{"rendered":"<p>Nj\u00eb palestinez u vra dhe nj\u00eb tjet\u00ebr u plagos nga zjarri i ushtris\u00eb izraelite n\u00eb Rripin verior t\u00eb Gaz\u00ebs sot, duke sh\u00ebnuar shkeljen e fundit t\u00eb nj\u00eb marr\u00ebveshjeje arm\u00ebpushimi n\u00eb fuqi q\u00eb nga tetori i kaluar, than\u00eb burimet mjek\u00ebsore, raporton Anadolu. Trupi i nj\u00eb 18-vje\u00e7ari u transferua n\u00eb Spitalin Al-Shifa n\u00eb Qytetin e Gaz\u00ebs pasi [&hellip;]<\/p>\n","protected":false},"author":1,"featured_media":107906,"comment_status":"open","ping_status":"open","sticky":false,"template":"","format":"standard","meta":{"footnotes":""},"categories":[24],"tags":[3803],"class_list":["post-107907","post","type-post","status-publish","format-standard","has-post-thumbnail","hentry","category-bote","tag-aktuale"],"_links":{"self":[{"href":"https:\/\/prizrenpost.com\/al\/wp-json\/wp\/v2\/posts\/107907","targetHints":{"allow":["GET"]}}],"collection":[{"href":"https:\/\/prizrenpost.com\/al\/wp-json\/wp\/v2\/posts"}],"about":[{"href":"https:\/\/prizrenpost.com\/al\/wp-json\/wp\/v2\/types\/post"}],"author":[{"embeddable":true,"href":"https:\/\/prizrenpost.com\/al\/wp-json\/wp\/v2\/users\/1"}],"replies":[{"embeddable":true,"href":"https:\/\/prizrenpost.com\/al\/wp-json\/wp\/v2\/comments?post=107907"}],"version-history":[{"count":0,"href":"https:\/\/prizrenpost.com\/al\/wp-json\/wp\/v2\/posts\/107907\/revisions"}],"wp:featuredmedia":[{"embeddable":true,"href":"https:\/\/prizrenpost.com\/al\/wp-json\/wp\/v2\/media\/107906"}],"wp:attachment":[{"href":"https:\/\/prizrenpost.com\/al\/wp-json\/wp\/v2\/media?parent=107907"}],"wp:term":[{"taxonomy":"category","embeddable":true,"href":"https:\/\/prizrenpost.com\/al\/wp-json\/wp\/v2\/categories?post=107907"},{"taxonomy":"post_tag","embeddable":true,"href":"https:\/\/prizrenpost.com\/al\/wp-json\/wp\/v2\/tags?post=107907"}],"curies":[{"name":"wp","href":"https:\/\/api.w.org\/{rel}","templated":true}]}}