{"id":107916,"date":"2026-04-27T23:15:05","date_gmt":"2026-04-27T20:15:05","guid":{"rendered":"https:\/\/prizrenpost.com\/al\/feride-rushiti-merr-vetem-63-vota-seanca-per-presidentin-vazhdon-neser\/"},"modified":"2026-04-27T23:15:05","modified_gmt":"2026-04-27T20:15:05","slug":"feride-rushiti-merr-vetem-63-vota-seanca-per-presidentin-vazhdon-neser","status":"publish","type":"post","link":"https:\/\/prizrenpost.com\/al\/feride-rushiti-merr-vetem-63-vota-seanca-per-presidentin-vazhdon-neser\/","title":{"rendered":"Feride Rushiti merr vet\u00ebm 63 vota, seanca p\u00ebr presidentin vazhdon nes\u00ebr"},"content":{"rendered":"<figure class=\"post-featured-image\"><img decoding=\"async\" src=\"https:\/\/prizrenpost.com\/al\/wp-content\/uploads\/2026\/01\/prizrenpostog-og.jpg\" alt=\"Feride Rushiti merr vet\u00ebm 63 vota, seanca p\u00ebr presidentin vazhdon nes\u00ebr\"\/><\/figure>\n<p>Kuvendi i Kosov\u00ebs t\u00eb h\u00ebn\u00ebn mbajti seanc\u00eb plenare kushtuar \u00e7\u00ebshtjes s\u00eb zgjedhjes s\u00eb presidentit t\u00eb ri t\u00eb vendit.<\/p>\n<p>N\u00eb rend dite ishte \u201cdiskutimi lidhur me zgjedhjen\u201d e kreut t\u00eb shtetit, n\u00eb nj\u00eb moment kur institucionet po i afrohen afatit t\u00eb p\u00ebrcaktuar me Kushtetut\u00eb p\u00ebr finalizimin e procedur\u00ebs s\u00eb zgjedhjes s\u00eb presidentit.<\/p>\n<p>N\u00eb seanc\u00eb nuk kan\u00eb marr\u00eb pjes\u00eb PDK-ja, LDK-ja dhe AAK-ja.<\/p>\n<p>T\u00eb mart\u00ebn \u00ebsht\u00eb afati i fundit p\u00ebr zgjedhjen e presidentit, p\u00ebrndryshe vendi shkon n\u00eb zgjedhje t\u00eb jasht\u00ebzakonshme.<\/p>\n<hr style=\"margin:30px 0\"\/>\n<p style=\"font-size:13px;color:#666\">Burimi: <strong>mesazhi<\/strong><\/p>\n","protected":false},"excerpt":{"rendered":"<p>Kuvendi i Kosov\u00ebs t\u00eb h\u00ebn\u00ebn mbajti seanc\u00eb plenare kushtuar \u00e7\u00ebshtjes s\u00eb zgjedhjes s\u00eb presidentit t\u00eb ri t\u00eb vendit. N\u00eb rend dite ishte \u201cdiskutimi lidhur me zgjedhjen\u201d e kreut t\u00eb shtetit, n\u00eb nj\u00eb moment kur institucionet po i afrohen afatit t\u00eb p\u00ebrcaktuar me Kushtetut\u00eb p\u00ebr finalizimin e procedur\u00ebs s\u00eb zgjedhjes s\u00eb presidentit. N\u00eb seanc\u00eb nuk kan\u00eb [&hellip;]<\/p>\n","protected":false},"author":1,"featured_media":94304,"comment_status":"open","ping_status":"open","sticky":false,"template":"","format":"standard","meta":{"footnotes":""},"categories":[14],"tags":[3803],"class_list":["post-107916","post","type-post","status-publish","format-standard","has-post-thumbnail","hentry","category-kombetare","tag-aktuale"],"_links":{"self":[{"href":"https:\/\/prizrenpost.com\/al\/wp-json\/wp\/v2\/posts\/107916","targetHints":{"allow":["GET"]}}],"collection":[{"href":"https:\/\/prizrenpost.com\/al\/wp-json\/wp\/v2\/posts"}],"about":[{"href":"https:\/\/prizrenpost.com\/al\/wp-json\/wp\/v2\/types\/post"}],"author":[{"embeddable":true,"href":"https:\/\/prizrenpost.com\/al\/wp-json\/wp\/v2\/users\/1"}],"replies":[{"embeddable":true,"href":"https:\/\/prizrenpost.com\/al\/wp-json\/wp\/v2\/comments?post=107916"}],"version-history":[{"count":0,"href":"https:\/\/prizrenpost.com\/al\/wp-json\/wp\/v2\/posts\/107916\/revisions"}],"wp:featuredmedia":[{"embeddable":true,"href":"https:\/\/prizrenpost.com\/al\/wp-json\/wp\/v2\/media\/94304"}],"wp:attachment":[{"href":"https:\/\/prizrenpost.com\/al\/wp-json\/wp\/v2\/media?parent=107916"}],"wp:term":[{"taxonomy":"category","embeddable":true,"href":"https:\/\/prizrenpost.com\/al\/wp-json\/wp\/v2\/categories?post=107916"},{"taxonomy":"post_tag","embeddable":true,"href":"https:\/\/prizrenpost.com\/al\/wp-json\/wp\/v2\/tags?post=107916"}],"curies":[{"name":"wp","href":"https:\/\/api.w.org\/{rel}","templated":true}]}}