{"id":10803,"date":"2014-10-18T14:06:57","date_gmt":"2014-10-18T12:06:57","guid":{"rendered":"http:\/\/prizrenpost.com\/al\/?p=10803"},"modified":"2018-11-09T22:09:41","modified_gmt":"2018-11-09T21:09:41","slug":"shaqiri-krenar-per-ekipin-shqiptar","status":"publish","type":"post","link":"https:\/\/prizrenpost.com\/al\/shaqiri-krenar-per-ekipin-shqiptar\/","title":{"rendered":"Shaqiri: Krenar p\u00ebr ekipin shqiptar"},"content":{"rendered":"<p><img decoding=\"async\" src=\"https:\/\/prizrenpost.com\/al\/wp-content\/uploads\/2014\/10\/Shaqiri.jpg\" alt=\"\" width=\"100%\" height=\"\" class=\"alignleft size-full wp-image-47843\" srcset=\"https:\/\/prizrenpost.com\/al\/wp-content\/uploads\/2014\/10\/Shaqiri.jpg 900w, https:\/\/prizrenpost.com\/al\/wp-content\/uploads\/2014\/10\/Shaqiri-300x169.jpg 300w, https:\/\/prizrenpost.com\/al\/wp-content\/uploads\/2014\/10\/Shaqiri-768x432.jpg 768w\" sizes=\"(max-width: 900px) 100vw, 900px\" \/><\/p>\n<p><strong>Xherdan Shaqiri ka p\u00ebrsh\u00ebndetur veprimin e lojtar\u00ebve t\u00eb ekipit shqiptar t\u00eb cil\u00ebt mbrojt\u00ebn flamurin e tyre n\u00eb Beograd, dhe \u00ebsht\u00eb shprehur se ndjehet krenar p\u00ebr vendin e tij dhe p\u00ebr at\u00eb q\u00eb ndodhi.<\/strong><\/p>\n<p>\u201cU ndjeva ashtu si\u00e7 u ndje \u00e7do shqiptar besoj. Krenar dhe i mbushur me emocion. \u00cbsht\u00eb ndjesia m\u00eb e ve\u00e7ant\u00eb n\u00eb bot\u00eb. Momenti ku \u00e7dokush e kupton se \u00ebsht\u00eb patriot dhe rrjedh gjak shqiptari n\u00eb vena\u201d, thot\u00eb Shaqiri.<\/p>\n<p>N\u00eb nj\u00eb intervist\u00eb p\u00ebr Gazet\u00ebn Shqiptare, Shaqiri deklaron se lojtar\u00ebt e komb\u00ebtares shqiptare ia dol\u00ebn me respektin q\u00eb treguan p\u00ebr vendin e shqiponjave. <\/p>\n<p>Ai tha se n\u00ebse do t\u00eb kishte qen\u00eb n\u00eb rolin e tij do t\u00eb kishte vepruar n\u00eb t\u00eb nj\u00ebjt\u00ebn m\u00ebnyr\u00eb, por n\u00ebse do t\u2019i duhej t\u00eb zgjidhte at\u00ebher\u00eb ai do t\u00eb kishte refuzuar t\u00eb luante me \u201cnjer\u00ebz t\u00eb urryer\u201d.<\/p>\n<p>\u201cUn\u00eb personalisht si Xherdan nuk do t\u00eb zbrisja n\u00eb fush\u00eb me njer\u00ebz t\u00eb urryer. Do t\u00eb kisha refuzuar t\u00eb vija k\u00ebmb\u00ebn n\u00eb at\u00eb stadium ku kishte vet\u00ebm njer\u00ebz t\u00eb urryesh\u00ebm\u201d, shprehet Shaqiri.<\/p>\n","protected":false},"excerpt":{"rendered":"<p>Xherdan Shaqiri ka p\u00ebrsh\u00ebndetur veprimin e lojtar\u00ebve t\u00eb ekipit shqiptar t\u00eb cil\u00ebt mbrojt\u00ebn flamurin e tyre n\u00eb Beograd, dhe \u00ebsht\u00eb shprehur se ndjehet krenar p\u00ebr vendin e tij dhe p\u00ebr at\u00eb q\u00eb ndodhi. \u201cU ndjeva ashtu si\u00e7 u ndje \u00e7do shqiptar besoj. Krenar dhe i mbushur me emocion. \u00cbsht\u00eb ndjesia m\u00eb e ve\u00e7ant\u00eb n\u00eb bot\u00eb. [&hellip;]<\/p>\n","protected":false},"author":1,"featured_media":47843,"comment_status":"open","ping_status":"open","sticky":false,"template":"","format":"standard","meta":{"footnotes":""},"categories":[7],"tags":[799,370,1188],"class_list":["post-10803","post","type-post","status-publish","format-standard","has-post-thumbnail","hentry","category-sport","tag-serbia","tag-shqiperia","tag-xherdan-shaqiri"],"_links":{"self":[{"href":"https:\/\/prizrenpost.com\/al\/wp-json\/wp\/v2\/posts\/10803","targetHints":{"allow":["GET"]}}],"collection":[{"href":"https:\/\/prizrenpost.com\/al\/wp-json\/wp\/v2\/posts"}],"about":[{"href":"https:\/\/prizrenpost.com\/al\/wp-json\/wp\/v2\/types\/post"}],"author":[{"embeddable":true,"href":"https:\/\/prizrenpost.com\/al\/wp-json\/wp\/v2\/users\/1"}],"replies":[{"embeddable":true,"href":"https:\/\/prizrenpost.com\/al\/wp-json\/wp\/v2\/comments?post=10803"}],"version-history":[{"count":0,"href":"https:\/\/prizrenpost.com\/al\/wp-json\/wp\/v2\/posts\/10803\/revisions"}],"wp:featuredmedia":[{"embeddable":true,"href":"https:\/\/prizrenpost.com\/al\/wp-json\/wp\/v2\/media\/47843"}],"wp:attachment":[{"href":"https:\/\/prizrenpost.com\/al\/wp-json\/wp\/v2\/media?parent=10803"}],"wp:term":[{"taxonomy":"category","embeddable":true,"href":"https:\/\/prizrenpost.com\/al\/wp-json\/wp\/v2\/categories?post=10803"},{"taxonomy":"post_tag","embeddable":true,"href":"https:\/\/prizrenpost.com\/al\/wp-json\/wp\/v2\/tags?post=10803"}],"curies":[{"name":"wp","href":"https:\/\/api.w.org\/{rel}","templated":true}]}}