{"id":108286,"date":"2026-04-30T17:30:15","date_gmt":"2026-04-30T14:30:15","guid":{"rendered":"https:\/\/prizrenpost.com\/al\/dita-e-punetoreve-neser-protestohet-ne-prishtine\/"},"modified":"2026-04-30T17:30:15","modified_gmt":"2026-04-30T14:30:15","slug":"dita-e-punetoreve-neser-protestohet-ne-prishtine","status":"publish","type":"post","link":"https:\/\/prizrenpost.com\/al\/dita-e-punetoreve-neser-protestohet-ne-prishtine\/","title":{"rendered":"Dita e Pun\u00ebtor\u00ebve, nes\u00ebr protestohet n\u00eb Prishtin\u00eb"},"content":{"rendered":"<figure class=\"post-featured-image\"><img decoding=\"async\" src=\"https:\/\/prizrenpost.com\/al\/wp-content\/uploads\/2026\/04\/723537-TVKpaBC0kw-768x492-1.jpg\" alt=\"Dita e Pun\u00ebtor\u00ebve, nes\u00ebr protestohet n\u00eb Prishtin\u00eb\"\/><\/figure>\n<p>Federata Sindikale e Pun\u00ebtor\u00ebve t\u00eb Sektorit Privat ka njoftuar se m\u00eb 1 maj 2026, n\u00eb sh\u00ebnim t\u00eb Dit\u00ebs Nd\u00ebrkomb\u00ebtare t\u00eb Pun\u00ebtor\u00ebve, do t\u00eb organizoj\u00eb nj\u00eb protest\u00eb paq\u00ebsore.<\/p>\n<p>Sipas njoftimit t\u00eb FSPTSPK-s\u00eb,  protesta organizohet n\u00eb mb\u00ebshtetje t\u00eb t\u00eb drejtave t\u00eb pun\u00ebtor\u00ebve n\u00eb sektorin privat.<\/p>\n<p>\u201cProtesta do t\u00eb filloj\u00eb n\u00eb ora 10:00, me vendgrumbullim n\u00eb Sheshin \u201cZahir Pajaziti\u201d n\u00eb Prishtin\u00eb, dhe do t\u00eb vazhdoj\u00eb sipas itinerarit t\u00eb planifikuar deri n\u00eb hap\u00ebsir\u00ebn nd\u00ebrmjet objektit t\u00eb ish-G\u00ebrmis\u00eb dhe nd\u00ebrtes\u00ebs s\u00eb Qeveris\u00eb\u201d, thuhet n\u00eb njoftim.<\/p>\n<hr style=\"margin:30px 0\"\/>\n<p style=\"font-size:13px;color:#666\">Burimi: <strong>mesazhi<\/strong><\/p>\n","protected":false},"excerpt":{"rendered":"<p>Federata Sindikale e Pun\u00ebtor\u00ebve t\u00eb Sektorit Privat ka njoftuar se m\u00eb 1 maj 2026, n\u00eb sh\u00ebnim t\u00eb Dit\u00ebs Nd\u00ebrkomb\u00ebtare t\u00eb Pun\u00ebtor\u00ebve, do t\u00eb organizoj\u00eb nj\u00eb protest\u00eb paq\u00ebsore. Sipas njoftimit t\u00eb FSPTSPK-s\u00eb, protesta organizohet n\u00eb mb\u00ebshtetje t\u00eb t\u00eb drejtave t\u00eb pun\u00ebtor\u00ebve n\u00eb sektorin privat. \u201cProtesta do t\u00eb filloj\u00eb n\u00eb ora 10:00, me vendgrumbullim n\u00eb Sheshin \u201cZahir [&hellip;]<\/p>\n","protected":false},"author":1,"featured_media":108285,"comment_status":"open","ping_status":"open","sticky":false,"template":"","format":"standard","meta":{"footnotes":""},"categories":[14],"tags":[3803],"class_list":["post-108286","post","type-post","status-publish","format-standard","has-post-thumbnail","hentry","category-kombetare","tag-aktuale"],"_links":{"self":[{"href":"https:\/\/prizrenpost.com\/al\/wp-json\/wp\/v2\/posts\/108286","targetHints":{"allow":["GET"]}}],"collection":[{"href":"https:\/\/prizrenpost.com\/al\/wp-json\/wp\/v2\/posts"}],"about":[{"href":"https:\/\/prizrenpost.com\/al\/wp-json\/wp\/v2\/types\/post"}],"author":[{"embeddable":true,"href":"https:\/\/prizrenpost.com\/al\/wp-json\/wp\/v2\/users\/1"}],"replies":[{"embeddable":true,"href":"https:\/\/prizrenpost.com\/al\/wp-json\/wp\/v2\/comments?post=108286"}],"version-history":[{"count":0,"href":"https:\/\/prizrenpost.com\/al\/wp-json\/wp\/v2\/posts\/108286\/revisions"}],"wp:featuredmedia":[{"embeddable":true,"href":"https:\/\/prizrenpost.com\/al\/wp-json\/wp\/v2\/media\/108285"}],"wp:attachment":[{"href":"https:\/\/prizrenpost.com\/al\/wp-json\/wp\/v2\/media?parent=108286"}],"wp:term":[{"taxonomy":"category","embeddable":true,"href":"https:\/\/prizrenpost.com\/al\/wp-json\/wp\/v2\/categories?post=108286"},{"taxonomy":"post_tag","embeddable":true,"href":"https:\/\/prizrenpost.com\/al\/wp-json\/wp\/v2\/tags?post=108286"}],"curies":[{"name":"wp","href":"https:\/\/api.w.org\/{rel}","templated":true}]}}