{"id":108288,"date":"2026-04-30T17:30:21","date_gmt":"2026-04-30T14:30:21","guid":{"rendered":"https:\/\/prizrenpost.com\/al\/sndalen-tragjedite-ne-vendin-e-punes-nje-person-humb-jeten-ne-gjakove\/"},"modified":"2026-04-30T17:30:21","modified_gmt":"2026-04-30T14:30:21","slug":"sndalen-tragjedite-ne-vendin-e-punes-nje-person-humb-jeten-ne-gjakove","status":"publish","type":"post","link":"https:\/\/prizrenpost.com\/al\/sndalen-tragjedite-ne-vendin-e-punes-nje-person-humb-jeten-ne-gjakove\/","title":{"rendered":"S\u2019ndalen tragjedit\u00eb n\u00eb vendin e pun\u00ebs, nj\u00eb person humb jet\u00ebn n\u00eb Gjakov\u00eb"},"content":{"rendered":"<figure class=\"post-featured-image\"><img decoding=\"async\" src=\"https:\/\/prizrenpost.com\/al\/wp-content\/uploads\/2026\/04\/vetevrasje-750x450-1-696x418-1-1.jpg\" alt=\"S\u2019ndalen tragjedit\u00eb n\u00eb vendin e pun\u00ebs, nj\u00eb person humb jet\u00ebn n\u00eb Gjakov\u00eb\"\/><\/figure>\n<p>Nj\u00eb aksident tragjik ka ndodhur paradit\u00ebn e sotme, n\u00eb Meq\u00eb t\u00eb Gjakov\u00ebs, ku nj\u00eb person ka nd\u00ebrruar jet\u00eb.<\/p>\n<p>Sipas z\u00ebdh\u00ebn\u00ebses s\u00eb policis\u00eb p\u00ebr rajonin e Gjakov\u00ebs, Vlera Krasniqi, viktima ishte duke drejtuar kamionin, kur humbi kontrollin mbi t\u00eb dhe mjeti transportues rr\u00ebshqiti.<\/p>\n<p>\u201cSi pasoj\u00eb e k\u00ebsaj l\u00ebvizjeje, nj\u00eb pun\u00ebtor(mashkull i mosh\u00ebs madhore) i cili ndodhej n\u00eb af\u00ebrsi t\u00eb mjetit, ka mbetur i bllokuar n\u00ebn t\u00eb\u201d ka deklaruar Krasniqi.<\/p>\n<p>Pas intervenimit t\u00eb nj\u00ebsiteve policore, ndihm\u00ebs s\u00eb shpejt\u00eb dhe zjarrfik\u00ebsve, \u00ebsht\u00eb konstatuar se personi i z\u00ebn\u00eb n\u00ebn mjet ka nd\u00ebrruar jet\u00eb.<\/p>\n<p>\u201cLidhur me rastin po nd\u00ebrmerren t\u00eb gjitha hapat e nevojsh\u00ebm nga Policia p\u00ebr sqarimin e rrethanave t\u00eb k\u00ebsaj ngjarje\u201d p\u00ebrfundoi Krasniqi.<\/p>\n<hr style=\"margin:30px 0\"\/>\n<p style=\"font-size:13px;color:#666\">Burimi: <strong>mesazhi<\/strong><\/p>\n","protected":false},"excerpt":{"rendered":"<p>Nj\u00eb aksident tragjik ka ndodhur paradit\u00ebn e sotme, n\u00eb Meq\u00eb t\u00eb Gjakov\u00ebs, ku nj\u00eb person ka nd\u00ebrruar jet\u00eb. Sipas z\u00ebdh\u00ebn\u00ebses s\u00eb policis\u00eb p\u00ebr rajonin e Gjakov\u00ebs, Vlera Krasniqi, viktima ishte duke drejtuar kamionin, kur humbi kontrollin mbi t\u00eb dhe mjeti transportues rr\u00ebshqiti. \u201cSi pasoj\u00eb e k\u00ebsaj l\u00ebvizjeje, nj\u00eb pun\u00ebtor(mashkull i mosh\u00ebs madhore) i cili ndodhej [&hellip;]<\/p>\n","protected":false},"author":1,"featured_media":108287,"comment_status":"open","ping_status":"open","sticky":false,"template":"","format":"standard","meta":{"footnotes":""},"categories":[14],"tags":[3803],"class_list":["post-108288","post","type-post","status-publish","format-standard","has-post-thumbnail","hentry","category-kombetare","tag-aktuale"],"_links":{"self":[{"href":"https:\/\/prizrenpost.com\/al\/wp-json\/wp\/v2\/posts\/108288","targetHints":{"allow":["GET"]}}],"collection":[{"href":"https:\/\/prizrenpost.com\/al\/wp-json\/wp\/v2\/posts"}],"about":[{"href":"https:\/\/prizrenpost.com\/al\/wp-json\/wp\/v2\/types\/post"}],"author":[{"embeddable":true,"href":"https:\/\/prizrenpost.com\/al\/wp-json\/wp\/v2\/users\/1"}],"replies":[{"embeddable":true,"href":"https:\/\/prizrenpost.com\/al\/wp-json\/wp\/v2\/comments?post=108288"}],"version-history":[{"count":0,"href":"https:\/\/prizrenpost.com\/al\/wp-json\/wp\/v2\/posts\/108288\/revisions"}],"wp:featuredmedia":[{"embeddable":true,"href":"https:\/\/prizrenpost.com\/al\/wp-json\/wp\/v2\/media\/108287"}],"wp:attachment":[{"href":"https:\/\/prizrenpost.com\/al\/wp-json\/wp\/v2\/media?parent=108288"}],"wp:term":[{"taxonomy":"category","embeddable":true,"href":"https:\/\/prizrenpost.com\/al\/wp-json\/wp\/v2\/categories?post=108288"},{"taxonomy":"post_tag","embeddable":true,"href":"https:\/\/prizrenpost.com\/al\/wp-json\/wp\/v2\/tags?post=108288"}],"curies":[{"name":"wp","href":"https:\/\/api.w.org\/{rel}","templated":true}]}}