{"id":108290,"date":"2026-04-30T17:30:30","date_gmt":"2026-04-30T14:30:30","guid":{"rendered":"https:\/\/prizrenpost.com\/al\/kryediplomati-turk-fidan-takohet-me-guvernatorin-dhe-kryetarin-e-vjenes\/"},"modified":"2026-04-30T17:30:30","modified_gmt":"2026-04-30T14:30:30","slug":"kryediplomati-turk-fidan-takohet-me-guvernatorin-dhe-kryetarin-e-vjenes","status":"publish","type":"post","link":"https:\/\/prizrenpost.com\/al\/kryediplomati-turk-fidan-takohet-me-guvernatorin-dhe-kryetarin-e-vjenes\/","title":{"rendered":"Kryediplomati turk Fidan takohet me guvernatorin dhe kryetarin e Vjen\u00ebs"},"content":{"rendered":"<figure class=\"post-featured-image\"><img decoding=\"async\" src=\"https:\/\/prizrenpost.com\/al\/wp-content\/uploads\/2026\/04\/bakan-fidan-viyana-diplomasi-akademisinde-duzenlenen-konferansa-katildi-oaod.jpg\" alt=\"Kryediplomati turk Fidan takohet me guvernatorin dhe kryetarin e Vjen\u00ebs\"\/><\/figure>\n<p>Ministri i Jasht\u00ebm i Turqis\u00eb, Hakan Fidan, u takua me Michael Ludwig, guvernatorin dhe kryetarin e Vjen\u00ebs, sipas burimeve diplomatike, raporton Anadolu.<\/p>\n<p>Fidan u takua me Ludwig si pjes\u00eb e vizit\u00ebs s\u00eb tij zyrtare n\u00eb Austri, than\u00eb burimet.<\/p>\n<p>Nuk jan\u00eb dh\u00ebn\u00eb detaje t\u00eb m\u00ebtejshme lidhur me takimin.<\/p>\n<hr style=\"margin:30px 0\"\/>\n<p style=\"font-size:13px;color:#666\">Burimi: <strong>mesazhi<\/strong><\/p>\n","protected":false},"excerpt":{"rendered":"<p>Ministri i Jasht\u00ebm i Turqis\u00eb, Hakan Fidan, u takua me Michael Ludwig, guvernatorin dhe kryetarin e Vjen\u00ebs, sipas burimeve diplomatike, raporton Anadolu. Fidan u takua me Ludwig si pjes\u00eb e vizit\u00ebs s\u00eb tij zyrtare n\u00eb Austri, than\u00eb burimet. Nuk jan\u00eb dh\u00ebn\u00eb detaje t\u00eb m\u00ebtejshme lidhur me takimin. Burimi: mesazhi<\/p>\n","protected":false},"author":1,"featured_media":108289,"comment_status":"open","ping_status":"open","sticky":false,"template":"","format":"standard","meta":{"footnotes":""},"categories":[24],"tags":[3803],"class_list":["post-108290","post","type-post","status-publish","format-standard","has-post-thumbnail","hentry","category-bote","tag-aktuale"],"_links":{"self":[{"href":"https:\/\/prizrenpost.com\/al\/wp-json\/wp\/v2\/posts\/108290","targetHints":{"allow":["GET"]}}],"collection":[{"href":"https:\/\/prizrenpost.com\/al\/wp-json\/wp\/v2\/posts"}],"about":[{"href":"https:\/\/prizrenpost.com\/al\/wp-json\/wp\/v2\/types\/post"}],"author":[{"embeddable":true,"href":"https:\/\/prizrenpost.com\/al\/wp-json\/wp\/v2\/users\/1"}],"replies":[{"embeddable":true,"href":"https:\/\/prizrenpost.com\/al\/wp-json\/wp\/v2\/comments?post=108290"}],"version-history":[{"count":0,"href":"https:\/\/prizrenpost.com\/al\/wp-json\/wp\/v2\/posts\/108290\/revisions"}],"wp:featuredmedia":[{"embeddable":true,"href":"https:\/\/prizrenpost.com\/al\/wp-json\/wp\/v2\/media\/108289"}],"wp:attachment":[{"href":"https:\/\/prizrenpost.com\/al\/wp-json\/wp\/v2\/media?parent=108290"}],"wp:term":[{"taxonomy":"category","embeddable":true,"href":"https:\/\/prizrenpost.com\/al\/wp-json\/wp\/v2\/categories?post=108290"},{"taxonomy":"post_tag","embeddable":true,"href":"https:\/\/prizrenpost.com\/al\/wp-json\/wp\/v2\/tags?post=108290"}],"curies":[{"name":"wp","href":"https:\/\/api.w.org\/{rel}","templated":true}]}}