{"id":108294,"date":"2026-04-30T17:30:34","date_gmt":"2026-04-30T14:30:34","guid":{"rendered":"https:\/\/prizrenpost.com\/al\/kryeprokurori-i-gjnp-se-khan-mohon-akuzat-per-sjellje-te-pahijshme-jam-i-pafajshem\/"},"modified":"2026-04-30T17:30:34","modified_gmt":"2026-04-30T14:30:34","slug":"kryeprokurori-i-gjnp-se-khan-mohon-akuzat-per-sjellje-te-pahijshme-jam-i-pafajshem","status":"publish","type":"post","link":"https:\/\/prizrenpost.com\/al\/kryeprokurori-i-gjnp-se-khan-mohon-akuzat-per-sjellje-te-pahijshme-jam-i-pafajshem\/","title":{"rendered":"Kryeprokurori i GJNP-s\u00eb, Khan mohon akuzat p\u00ebr sjellje t\u00eb pahijshme: Jam i pafajsh\u00ebm"},"content":{"rendered":"<figure class=\"post-featured-image\"><img decoding=\"async\" src=\"https:\/\/prizrenpost.com\/al\/wp-content\/uploads\/2026\/04\/Kryeprokurori-i-Gjykates-Nderkombetare-Penale-GJNP-Karim-Khan.jpg\" alt=\"Kryeprokurori i GJNP-s\u00eb, Khan mohon akuzat p\u00ebr sjellje t\u00eb pahijshme: Jam i pafajsh\u00ebm\"\/><\/figure>\n<p>Kryeprokurori i Gjykat\u00ebs Nd\u00ebrkomb\u00ebtare Penale (GJNP), Karim Khan i cili doli me pushim n\u00eb maj 2025 mes nj\u00eb hetimi t\u00eb OKB-s\u00eb p\u00ebr akuzat p\u00ebr sjellje t\u00eb pahijshme seksuale, tha se \u00ebsht\u00eb &#8220;liruar nga akuzat&#8221;, transmeton Anadolu.<\/p>\n<p>Khan i tha Zeteo-s n\u00eb nj\u00eb intervist\u00eb t\u00eb l\u00ebshuar t\u00eb m\u00ebrkur\u00ebn se hetimi nuk gjeti &#8220;sjellje t\u00eb keqe ose abuzim t\u00eb autoritetit&#8221; dhe se atij duhet t&#8217;i lejohet t\u00eb kthehet n\u00eb pun\u00eb.<\/p>\n<p>&#8220;E kam lexuar raportin e OKB-s\u00eb. E kam lexuar gjetjet e gjyqtar\u00ebve. Dhe n\u00eb raportin e OKB-s\u00eb ka 137 gjetje, asnj\u00eb nga k\u00ebto gjetje nuk b\u00ebn p\u00ebrcaktime ose nuk b\u00ebn gjetje t\u00eb sjelljes q\u00eb mund t\u00eb karakterizohen si t\u00eb pap\u00ebrshtatshme n\u00eb asnj\u00eb m\u00ebnyr\u00eb, form\u00eb apo form\u00eb&#8221;, tha ai.<\/p>\n<p>N\u00eb mars, nj\u00eb panel prej tre gjyqtar\u00ebsh arriti n\u00eb p\u00ebrfundimin unanim n\u00eb nj\u00eb mendim k\u00ebshillimor se rezultatet e hetimit t\u00eb OKB-s\u00eb &#8220;nuk p\u00ebrcaktojn\u00eb sjellje t\u00eb keqe ose shkelje t\u00eb detyr\u00ebs sipas kuadrit ligjor p\u00ebrkat\u00ebs&#8221;, sipas &#8220;Middle East Eye&#8221;.<\/p>\n<p>Megjithat\u00eb, \u00e7\u00ebshtja ende nuk \u00ebsht\u00eb mbyllur.<\/p>\n<p>&#8220;Jam thjesht i shqet\u00ebsuar pse nuk po mbyllet menj\u00ebher\u00eb. Dhe i gjith\u00eb ky proces \u00ebsht\u00eb i ri. Gj\u00ebrat jan\u00eb sajuar gjat\u00eb rrug\u00ebs. Dhe mendoj se tani nuk b\u00ebhet m\u00eb fjal\u00eb p\u00ebr akuzat. B\u00ebhet fjal\u00eb p\u00ebr nj\u00eb proces dhe hartimin e nj\u00eb procesi, duket se disa vende duhet t\u00eb arrijn\u00eb nj\u00eb rezultat t\u00eb caktuar dhe kjo \u00ebsht\u00eb e kund\u00ebrta e asaj q\u00eb n\u00ebnkupton procesi i rregullt ligjor&#8221;, tha ai.<\/p>\n<p>&#8220;Un\u00eb bashk\u00ebpunova me procesin dhe procesi m\u00eb shfaj\u00ebsoi&#8221;, shtoi Khan.<\/p>\n<p>Hetimi u porosit nga kreu i Asambles\u00eb s\u00eb Shteteve Pal\u00eb, organi drejtues i GJPN-s\u00eb, n\u00eb n\u00ebntor 2024, pasi nj\u00eb an\u00ebtar i zyr\u00ebs s\u00eb Khan-it e akuzoi at\u00eb p\u00ebr sjellje t\u00eb pahijshme seksuale. Gushtin e kaluar, nj\u00eb grua e dyt\u00eb doli p\u00ebrpara, duke pretenduar se prokurori kishte abuzuar me autoritetin e saj nd\u00ebrsa ajo punonte p\u00ebr t\u00eb.<\/p>\n<p>Akuzat erdh\u00ebn nd\u00ebrsa Zyra e Khan-it po ndiqte nj\u00eb hetim p\u00ebr krime lufte dhe gjenocid t\u00eb dyshuar nga zyrtar\u00ebt dhe forcat izraelite n\u00eb Gaza dhe territorin e pushtuar palestinez.<\/p>\n<p>N\u00eb maj 2024, Khan njoftoi se do t\u00eb ngrinte urdh\u00ebr-arreste p\u00ebr kryeministrin izraelit Benjamin Netanyahu dhe ministrin e tij t\u00eb at\u00ebhersh\u00ebm t\u00eb Mbrojtjes, Yoav Gallant, p\u00ebr &#8220;p\u00ebrgjegj\u00ebsi penale&#8221; p\u00ebr krime lufte t\u00eb dyshuara dhe krime kund\u00ebr njer\u00ebzimit n\u00eb Gaza.<\/p>\n<p>Gjat\u00eb intervist\u00ebs, Khan tha se senatori amerikan Lindsey Graham i tha n\u00eb nj\u00eb konferenc\u00eb telefonike n\u00eb maj 2024 se GJNP-ja \u201c\u00ebsht\u00eb p\u00ebr Afrik\u00ebn dhe bandit\u00eb si Putini\u201d dhe jo p\u00ebr \u201cdemokraci\u201d si Izraeli dhe SHBA-ja.<\/p>\n<hr style=\"margin:30px 0\"\/>\n<p style=\"font-size:13px;color:#666\">Burimi: <strong>mesazhi<\/strong><\/p>\n","protected":false},"excerpt":{"rendered":"<p>Kryeprokurori i Gjykat\u00ebs Nd\u00ebrkomb\u00ebtare Penale (GJNP), Karim Khan i cili doli me pushim n\u00eb maj 2025 mes nj\u00eb hetimi t\u00eb OKB-s\u00eb p\u00ebr akuzat p\u00ebr sjellje t\u00eb pahijshme seksuale, tha se \u00ebsht\u00eb &#8220;liruar nga akuzat&#8221;, transmeton Anadolu. Khan i tha Zeteo-s n\u00eb nj\u00eb intervist\u00eb t\u00eb l\u00ebshuar t\u00eb m\u00ebrkur\u00ebn se hetimi nuk gjeti &#8220;sjellje t\u00eb keqe ose [&hellip;]<\/p>\n","protected":false},"author":1,"featured_media":108293,"comment_status":"open","ping_status":"open","sticky":false,"template":"","format":"standard","meta":{"footnotes":""},"categories":[24],"tags":[3803],"class_list":["post-108294","post","type-post","status-publish","format-standard","has-post-thumbnail","hentry","category-bote","tag-aktuale"],"_links":{"self":[{"href":"https:\/\/prizrenpost.com\/al\/wp-json\/wp\/v2\/posts\/108294","targetHints":{"allow":["GET"]}}],"collection":[{"href":"https:\/\/prizrenpost.com\/al\/wp-json\/wp\/v2\/posts"}],"about":[{"href":"https:\/\/prizrenpost.com\/al\/wp-json\/wp\/v2\/types\/post"}],"author":[{"embeddable":true,"href":"https:\/\/prizrenpost.com\/al\/wp-json\/wp\/v2\/users\/1"}],"replies":[{"embeddable":true,"href":"https:\/\/prizrenpost.com\/al\/wp-json\/wp\/v2\/comments?post=108294"}],"version-history":[{"count":0,"href":"https:\/\/prizrenpost.com\/al\/wp-json\/wp\/v2\/posts\/108294\/revisions"}],"wp:featuredmedia":[{"embeddable":true,"href":"https:\/\/prizrenpost.com\/al\/wp-json\/wp\/v2\/media\/108293"}],"wp:attachment":[{"href":"https:\/\/prizrenpost.com\/al\/wp-json\/wp\/v2\/media?parent=108294"}],"wp:term":[{"taxonomy":"category","embeddable":true,"href":"https:\/\/prizrenpost.com\/al\/wp-json\/wp\/v2\/categories?post=108294"},{"taxonomy":"post_tag","embeddable":true,"href":"https:\/\/prizrenpost.com\/al\/wp-json\/wp\/v2\/tags?post=108294"}],"curies":[{"name":"wp","href":"https:\/\/api.w.org\/{rel}","templated":true}]}}