{"id":108296,"date":"2026-04-30T17:30:36","date_gmt":"2026-04-30T14:30:36","guid":{"rendered":"https:\/\/prizrenpost.com\/al\/raportuesja-e-okb-se-albanese-ndalimi-i-flotiljes-nga-izraeli-ne-ujerat-evropiane-aparteid-pa-kufij\/"},"modified":"2026-04-30T17:30:36","modified_gmt":"2026-04-30T14:30:36","slug":"raportuesja-e-okb-se-albanese-ndalimi-i-flotiljes-nga-izraeli-ne-ujerat-evropiane-aparteid-pa-kufij","status":"publish","type":"post","link":"https:\/\/prizrenpost.com\/al\/raportuesja-e-okb-se-albanese-ndalimi-i-flotiljes-nga-izraeli-ne-ujerat-evropiane-aparteid-pa-kufij\/","title":{"rendered":"Raportuesja e OKB-s\u00eb, Albanese: Ndalimi i flotiljes nga Izraeli n\u00eb uj\u00ebrat evropiane, \u201caparteid pa kufij\u201d"},"content":{"rendered":"<figure class=\"post-featured-image\"><img decoding=\"async\" src=\"https:\/\/prizrenpost.com\/al\/wp-content\/uploads\/2026\/04\/Raportuesja-speciale-e-OKB-se-per-Territoret-e-Pushtuara-Palestineze-Francesca-Albanese.jpg\" alt=\"Raportuesja e OKB-s\u00eb, Albanese: Ndalimi i flotiljes nga Izraeli n\u00eb uj\u00ebrat evropiane, \u201caparteid pa kufij\u201d\"\/><\/figure>\n<p>Raportuesja speciale e OKB-s\u00eb p\u00ebr Territoret e Pushtuara Palestineze, Francesca Albanese e p\u00ebrshkroi si &#8220;aparteid pa kufij&#8221; nd\u00ebrprerjen nga Izraeli t\u00eb Flotiljes Globale &#8220;Sumud&#8221; q\u00eb shkonte drejt Gaz\u00ebs, transmeton Anadolu.<\/p>\n<p>&#8220;Alarm! Si \u00ebsht\u00eb e mundur q\u00eb Izraelit t&#8217;i lejohet t\u00eb sulmoj\u00eb dhe t\u00eb sekuestroj\u00eb anije n\u00eb uj\u00ebrat nd\u00ebrkomb\u00ebtare pran\u00eb Greqis\u00eb\/Evrop\u00ebs? P\u00ebrve\u00e7 asaj q\u00eb mund t\u00eb mendoni p\u00ebr Izraelin e aparteidit dhe udh\u00ebheq\u00ebsit e tij gjenocidal\u00eb, kjo duhet t\u00eb d\u00ebrgoj\u00eb val\u00eb trondit\u00ebse n\u00eb t\u00eb gjith\u00eb Evrop\u00ebn&#8221;, tha Albanese n\u00eb platform\u00ebn amerikane t\u00eb mediave sociale X.<\/p>\n<p>Marina izraelite interceptoi anijet nga flotilja t\u00eb m\u00ebrkur\u00ebn von\u00eb nd\u00ebrsa ato po shkonin drejt Gaz\u00ebs p\u00ebr t\u00eb thyer nj\u00eb bllokad\u00eb t\u00eb gjat\u00eb n\u00eb enklav\u00eb. Grupi tha se forcat izraelite rrethuan konvojin n\u00eb uj\u00ebrat nd\u00ebrkomb\u00ebtare pran\u00eb ishullit grek t\u00eb Kret\u00ebs, bllokuan komunikimet dhe sekuestruan 21 anije, duke shtuar se 17 anije arrit\u00ebn t\u00eb shp\u00ebtonin dhe t\u00eb hynin n\u00eb uj\u00ebrat greke pas incidentit.<\/p>\n<p>Flotilja q\u00eb mban ndihm\u00eb humanitare p\u00ebr Gaz\u00ebn, synon t\u00eb thyej\u00eb bllokad\u00ebn e Izraelit dhe t\u00eb hap\u00eb nj\u00eb korridor humanitar nga deti. Ky veprim erdhi disa or\u00eb pasi mediat hebraike raportuan se Izraeli po p\u00ebrgatitej t\u00eb ndalonte flotiljen, e cila p\u00ebrfshin rreth 100 anije n\u00eb total q\u00eb transportonin gati 1.000 aktivist\u00eb nga disa vende.<\/p>\n<p>Izraeli ka vendosur bllokad\u00eb n\u00eb Rripin e Gaz\u00ebs q\u00eb nga viti 2007, duke l\u00ebn\u00eb rreth 1.5 milion nga af\u00ebrsisht 2.4 milion\u00eb palestinez\u00eb t\u00eb pastreh\u00eb, pasi sht\u00ebpit\u00eb e tyre u shkat\u00ebrruan gjat\u00eb luft\u00ebs.<\/p>\n<hr style=\"margin:30px 0\"\/>\n<p style=\"font-size:13px;color:#666\">Burimi: <strong>mesazhi<\/strong><\/p>\n","protected":false},"excerpt":{"rendered":"<p>Raportuesja speciale e OKB-s\u00eb p\u00ebr Territoret e Pushtuara Palestineze, Francesca Albanese e p\u00ebrshkroi si &#8220;aparteid pa kufij&#8221; nd\u00ebrprerjen nga Izraeli t\u00eb Flotiljes Globale &#8220;Sumud&#8221; q\u00eb shkonte drejt Gaz\u00ebs, transmeton Anadolu. &#8220;Alarm! Si \u00ebsht\u00eb e mundur q\u00eb Izraelit t&#8217;i lejohet t\u00eb sulmoj\u00eb dhe t\u00eb sekuestroj\u00eb anije n\u00eb uj\u00ebrat nd\u00ebrkomb\u00ebtare pran\u00eb Greqis\u00eb\/Evrop\u00ebs? P\u00ebrve\u00e7 asaj q\u00eb mund t\u00eb [&hellip;]<\/p>\n","protected":false},"author":1,"featured_media":108295,"comment_status":"open","ping_status":"open","sticky":false,"template":"","format":"standard","meta":{"footnotes":""},"categories":[24],"tags":[3803],"class_list":["post-108296","post","type-post","status-publish","format-standard","has-post-thumbnail","hentry","category-bote","tag-aktuale"],"_links":{"self":[{"href":"https:\/\/prizrenpost.com\/al\/wp-json\/wp\/v2\/posts\/108296","targetHints":{"allow":["GET"]}}],"collection":[{"href":"https:\/\/prizrenpost.com\/al\/wp-json\/wp\/v2\/posts"}],"about":[{"href":"https:\/\/prizrenpost.com\/al\/wp-json\/wp\/v2\/types\/post"}],"author":[{"embeddable":true,"href":"https:\/\/prizrenpost.com\/al\/wp-json\/wp\/v2\/users\/1"}],"replies":[{"embeddable":true,"href":"https:\/\/prizrenpost.com\/al\/wp-json\/wp\/v2\/comments?post=108296"}],"version-history":[{"count":0,"href":"https:\/\/prizrenpost.com\/al\/wp-json\/wp\/v2\/posts\/108296\/revisions"}],"wp:featuredmedia":[{"embeddable":true,"href":"https:\/\/prizrenpost.com\/al\/wp-json\/wp\/v2\/media\/108295"}],"wp:attachment":[{"href":"https:\/\/prizrenpost.com\/al\/wp-json\/wp\/v2\/media?parent=108296"}],"wp:term":[{"taxonomy":"category","embeddable":true,"href":"https:\/\/prizrenpost.com\/al\/wp-json\/wp\/v2\/categories?post=108296"},{"taxonomy":"post_tag","embeddable":true,"href":"https:\/\/prizrenpost.com\/al\/wp-json\/wp\/v2\/tags?post=108296"}],"curies":[{"name":"wp","href":"https:\/\/api.w.org\/{rel}","templated":true}]}}