{"id":108298,"date":"2026-04-30T17:30:37","date_gmt":"2026-04-30T14:30:37","guid":{"rendered":"https:\/\/prizrenpost.com\/al\/nuri-studentor-shqiptar-i-shkupit-prinderit-tane-deshmore-per-gjuhen\/"},"modified":"2026-04-30T17:30:37","modified_gmt":"2026-04-30T14:30:37","slug":"nuri-studentor-shqiptar-i-shkupit-prinderit-tane-deshmore-per-gjuhen","status":"publish","type":"post","link":"https:\/\/prizrenpost.com\/al\/nuri-studentor-shqiptar-i-shkupit-prinderit-tane-deshmore-per-gjuhen\/","title":{"rendered":"Nuri studentor shqiptar i Shkupit: \u201cPrind\u00ebrit tan\u00eb, d\u00ebshmor\u00eb p\u00ebr gjuh\u00ebn\u2026!\u201d"},"content":{"rendered":"<figure class=\"post-featured-image\"><img decoding=\"async\" src=\"https:\/\/prizrenpost.com\/al\/wp-content\/uploads\/2026\/04\/Mevlan-Ademi.jpg\" alt=\"Nuri studentor shqiptar i Shkupit: \u201cPrind\u00ebrit tan\u00eb, d\u00ebshmor\u00eb p\u00ebr gjuh\u00ebn\u2026!\u201d\"\/><\/figure>\n<p><em>Kauza e shpjeguar nga organizatori i nj\u00eb proteste q\u00eb b\u00ebri me turp maqedonasit<br \/>\n<\/em><br \/>\nMevlan Ademi, organizatori i protest\u00ebs studentore q\u00eb u mbajt n\u00eb Shkup, ku student\u00ebt shqiptar\u00eb k\u00ebrkonin zhvillimin e provimit t\u00eb jurisprudenc\u00ebs n\u00eb gjuh\u00ebn shqipe, \u00ebsht\u00eb shprehur se ata nuk k\u00ebrkojn\u00eb asgj\u00eb tjet\u00ebr p\u00ebrve\u00e7 nj\u00eb t\u00eb drejt\u00eb t\u00eb p\u00ebrcaktuar me ligj.<\/p>\n<p>Mbr\u00ebm\u00eb n\u00eb Top Story n\u00eb TCH, ai, i rrethuar dhe nga student t\u00eb tjer\u00eb, u shpreh se n\u00eb Maqedoni \u00e7do t\u00eb drejt\u00eb q\u00eb ata kan\u00eb fituar si shqiptar\u00eb \u00ebsht\u00eb fal\u00eb sakrific\u00ebs s\u00eb tyre, duke theksuar se disa prej prind\u00ebrve t\u00eb tyre kan\u00eb r\u00ebn\u00eb d\u00ebshmor\u00eb p\u00ebr t\u00eb m\u00ebsuar gjuh\u00ebn shqipe.<\/p>\n<p>\u201cJam Mevlan Ademi, student i drejt\u00ebsis\u00eb. Rrug\u00ebtimi yn\u00eb ka nisur para tre vitesh duke k\u00ebrkuar nj\u00eb t\u00eb drejt\u00eb ligjore. Gjat\u00eb k\u00ebtyre dy viteve jemi endur nga institucioni n\u00eb institucion, nga zyra n\u00eb zyr\u00eb, nga g\u00ebnjeshtra n\u00eb premtim, nga premtimi n\u00eb zvarritje. Ky \u00ebsht\u00eb realiteti tek ne. Nj\u00eb gj\u00eb q\u00eb k\u00ebrkon nj\u00eb dit\u00eb t\u00eb zgjidhet nga vendimi i ministrit tek ne merr dy vite. Ky \u00ebsht\u00eb realiteti i hidhur p\u00ebr ne.<\/p>\n<p>Nuk \u00ebsht\u00eb vet\u00ebm problemi tek provimi i jurisprudenc\u00ebs, por edhe tek koleg\u00ebt si t\u00eb ekonomis\u00eb, q\u00eb kan\u00eb provimin n\u00eb gjuh\u00ebn maqedonase. Nga janari 2019 \u00ebsht\u00eb miratuar ligji p\u00ebr p\u00ebrdorimin e gjuh\u00ebs q\u00eb e flasin s\u00eb paku 20% e popullsis\u00eb. Neni \u00ebsht\u00eb shum\u00eb i qart\u00eb. Ligji i provimit t\u00eb jurisprudenc\u00ebs nuk e p\u00ebrcakton se n\u00eb \u00e7far\u00eb gjuhe duhet t\u00eb mbahet provimi. K\u00ebtu kapet ministri.<\/p>\n<p>Ose ai \u00ebsht\u00eb injorant, ose b\u00ebn si budalla. Duhet nj\u00eb vendim nga ministri i Drejt\u00ebsis\u00eb q\u00eb t\u00eb ndryshohet rregullorja. Ajo q\u00eb shohim ne k\u00ebto tre muajt e fundit, jan\u00eb q\u00ebndrimet q\u00eb ai ka. Ajo \u00ebsht\u00eb e dhimbshmja. Ne varemi nga gjuha q\u00eb flet profesori. Nuk \u00ebsht\u00eb zgjidhje p\u00ebrkthimi. Tek ne as seancat gjyq\u00ebsore nuk mbahen n\u00eb gjuh\u00ebn shqipe, por maqedonase. Shumica e jurist\u00ebve jan\u00eb t\u00eb koh\u00ebs q\u00eb i kan\u00eb kryer studimet n\u00eb universitete maqedonase dhe kur nuk ka pasur universitete shqipe. \u00c7do gj\u00eb q\u00eb kemi fituar n\u00eb vendin ton\u00eb e kemi fituar me sakrific\u00eb.<\/p>\n<p>Askush nuk na ka dh\u00ebn\u00eb asgj\u00eb falas. K\u00ebtu kam koleg\u00eb t\u00eb cil\u00ebve prind\u00ebrit u kan\u00eb r\u00ebn\u00eb d\u00ebshmor\u00eb p\u00ebr t\u00eb m\u00ebsuar shqip. Ata kan\u00eb m\u00ebsuar shqip n\u00ebp\u00ebr bodrume. Kufizimi nuk \u00ebsht\u00eb zgjidhje, por gjith\u00ebp\u00ebrfshirja. Ne kemi dhjet\u00ebra probleme. Ata kan\u00eb frik\u00eb se ne fitojm\u00eb shum\u00eb t\u00eb drejta\u201d, shprehet studenti Mevlan Ademi.<\/p>\n<hr style=\"margin:30px 0\"\/>\n<p style=\"font-size:13px;color:#666\">Burimi: <strong>mesazhi<\/strong><\/p>\n","protected":false},"excerpt":{"rendered":"<p>Kauza e shpjeguar nga organizatori i nj\u00eb proteste q\u00eb b\u00ebri me turp maqedonasit Mevlan Ademi, organizatori i protest\u00ebs studentore q\u00eb u mbajt n\u00eb Shkup, ku student\u00ebt shqiptar\u00eb k\u00ebrkonin zhvillimin e provimit t\u00eb jurisprudenc\u00ebs n\u00eb gjuh\u00ebn shqipe, \u00ebsht\u00eb shprehur se ata nuk k\u00ebrkojn\u00eb asgj\u00eb tjet\u00ebr p\u00ebrve\u00e7 nj\u00eb t\u00eb drejt\u00eb t\u00eb p\u00ebrcaktuar me ligj. Mbr\u00ebm\u00eb n\u00eb Top [&hellip;]<\/p>\n","protected":false},"author":1,"featured_media":108297,"comment_status":"open","ping_status":"open","sticky":false,"template":"","format":"standard","meta":{"footnotes":""},"categories":[24],"tags":[3803],"class_list":["post-108298","post","type-post","status-publish","format-standard","has-post-thumbnail","hentry","category-bote","tag-aktuale"],"_links":{"self":[{"href":"https:\/\/prizrenpost.com\/al\/wp-json\/wp\/v2\/posts\/108298","targetHints":{"allow":["GET"]}}],"collection":[{"href":"https:\/\/prizrenpost.com\/al\/wp-json\/wp\/v2\/posts"}],"about":[{"href":"https:\/\/prizrenpost.com\/al\/wp-json\/wp\/v2\/types\/post"}],"author":[{"embeddable":true,"href":"https:\/\/prizrenpost.com\/al\/wp-json\/wp\/v2\/users\/1"}],"replies":[{"embeddable":true,"href":"https:\/\/prizrenpost.com\/al\/wp-json\/wp\/v2\/comments?post=108298"}],"version-history":[{"count":0,"href":"https:\/\/prizrenpost.com\/al\/wp-json\/wp\/v2\/posts\/108298\/revisions"}],"wp:featuredmedia":[{"embeddable":true,"href":"https:\/\/prizrenpost.com\/al\/wp-json\/wp\/v2\/media\/108297"}],"wp:attachment":[{"href":"https:\/\/prizrenpost.com\/al\/wp-json\/wp\/v2\/media?parent=108298"}],"wp:term":[{"taxonomy":"category","embeddable":true,"href":"https:\/\/prizrenpost.com\/al\/wp-json\/wp\/v2\/categories?post=108298"},{"taxonomy":"post_tag","embeddable":true,"href":"https:\/\/prizrenpost.com\/al\/wp-json\/wp\/v2\/tags?post=108298"}],"curies":[{"name":"wp","href":"https:\/\/api.w.org\/{rel}","templated":true}]}}