{"id":108302,"date":"2026-04-30T17:30:40","date_gmt":"2026-04-30T14:30:40","guid":{"rendered":"https:\/\/prizrenpost.com\/al\/ushtaret-izraelite-thone-se-misioni-i-vetem-ne-jug-te-libanit-eshte-te-shkaterrohet-gjithcka\/"},"modified":"2026-04-30T17:30:40","modified_gmt":"2026-04-30T14:30:40","slug":"ushtaret-izraelite-thone-se-misioni-i-vetem-ne-jug-te-libanit-eshte-te-shkaterrohet-gjithcka","status":"publish","type":"post","link":"https:\/\/prizrenpost.com\/al\/ushtaret-izraelite-thone-se-misioni-i-vetem-ne-jug-te-libanit-eshte-te-shkaterrohet-gjithcka\/","title":{"rendered":"Ushtar\u00ebt izraelit\u00eb thon\u00eb se misioni i vet\u00ebm n\u00eb jug t\u00eb Libanit \u00ebsht\u00eb \u201ct\u00eb shkat\u00ebrrohet gjith\u00e7ka\u201d"},"content":{"rendered":"<figure class=\"post-featured-image\"><img decoding=\"async\" src=\"https:\/\/prizrenpost.com\/al\/wp-content\/uploads\/2026\/04\/thumbs_b_c_e8678f7ede84e24a04f88caea1e26734.jpg\" alt=\"Ushtar\u00ebt izraelit\u00eb thon\u00eb se misioni i vet\u00ebm n\u00eb jug t\u00eb Libanit \u00ebsht\u00eb \u201ct\u00eb shkat\u00ebrrohet gjith\u00e7ka\u201d\"\/><\/figure>\n<p>Oficer\u00eb dhe ushtar\u00eb izraelit\u00eb kan\u00eb pranuar se kan\u00eb kryer shkat\u00ebrrim t\u00eb gjer\u00eb t\u00eb nd\u00ebrtesave n\u00eb fshatra n\u00eb jug t\u00eb Libanit, duke th\u00ebn\u00eb se misioni i tyre shkon p\u00ebrtej sh\u00ebnjestrimit t\u00eb infrastruktur\u00ebs s\u00eb Hezbollahut, transmeton Anadolu.<\/p>\n<p>Q\u00eb nga 2 marsi, Izraeli ka zhvilluar nj\u00eb ofensiv\u00eb n\u00eb Liban q\u00eb ka vrar\u00eb t\u00eb pakt\u00ebn 2.534 persona, ka plagosur 7.863 dhe ka zhvendosur m\u00eb shum\u00eb se 1,6 milion &#8211; rreth nj\u00eb e pesta e popullsis\u00eb &#8211; sipas shifrave zyrtare.<\/p>\n<p>Nj\u00eb arm\u00ebpushim 10-ditor q\u00eb filloi m\u00eb 17 prill u zgjat m\u00eb von\u00eb deri m\u00eb 17 maj, por Izraeli vazhdon ta shkel\u00eb at\u00eb \u00e7do dit\u00eb p\u00ebrmes sulmeve ajrore dhe shembjes s\u00eb sht\u00ebpive n\u00eb jug t\u00eb Libanit.<\/p>\n<p>Nd\u00ebrsa ushtria izraelite ka publikuar pamje t\u00eb prishjeve n\u00eb shkall\u00eb t\u00eb gjer\u00eb, duke pretenduar se po synon &#8220;infrastruktur\u00ebn e Hezbollahut&#8221;, ushtar\u00ebt e cituar nga gazeta izraelite &#8220;Haaretz&#8221; than\u00eb se realiteti \u00ebsht\u00eb ndryshe.<\/p>\n<p>Duke cituar ushtar\u00eb n\u00eb terren pa em\u00ebr, gazeta raportoi t\u00eb m\u00ebrkur\u00ebn se &#8220;shum\u00eb nga ajo q\u00eb b\u00ebjn\u00eb tani nuk \u00ebsht\u00eb drejtp\u00ebrdrejt luft\u00eb kund\u00ebr Hezbollahut, por shkat\u00ebrrim sistematik i nd\u00ebrtesave n\u00eb fshatrat n\u00eb jug t\u00eb Libanit&#8221;.<\/p>\n<p>&#8220;Misioni i vet\u00ebm \u00ebsht\u00eb t\u00eb vazhdoj\u00eb shkat\u00ebrrimi. Nuk ka mision tjet\u00ebr&#8221;, tha nj\u00eb oficer izraelit.<\/p>\n<p>Nj\u00eb tjet\u00ebr shtoi se, n\u00eb kund\u00ebrshtim me pretendimet e ushtris\u00eb, \u201cnuk \u00ebsht\u00eb infrastruktur\u00eb terroriste; ne po shkat\u00ebrrojm\u00eb gjith\u00e7ka\u201d<\/p>\n<p>Sipas t\u00eb p\u00ebrditshmes, ushtria i referohet planit t\u00eb saj p\u00ebr t\u00eb shembur &#8220;fshatra shiite&#8221; n\u00eb jug t\u00eb Libanit si &#8220;Operacioni Plug Argjendi&#8221;.<\/p>\n<p>&#8220;Si pjes\u00eb e k\u00ebtij plani, p\u00ebr secil\u00ebn nj\u00ebsi n\u00eb zon\u00eb p\u00ebrcaktohet nj\u00eb poligon q\u00eb tregon seksionin p\u00ebr t\u00eb cilin \u00ebsht\u00eb p\u00ebrgjegj\u00ebse p\u00ebr ta rrafshuar&#8221;, tha gazeta.<\/p>\n<p>&#8220;N\u00eb fund t\u00eb \u00e7do dite, b\u00ebhet nj\u00eb vler\u00ebsim i asaj q\u00eb \u00ebsht\u00eb arritur dhe \u00e7do komandant duhet t\u00eb raportoj\u00eb sa sht\u00ebpi ka shkat\u00ebrruar&#8221;, thuhet m\u00eb tej.<\/p>\n<p>&#8211; K\u00ebrc\u00ebnimet nga dron\u00ebt e Hezbollahut<br \/>\n&#8220;Haaretz&#8221; tha se \u00e7do nj\u00ebsie i caktohen buldozer\u00eb t\u00eb operuar nga kontraktor\u00eb civil\u00eb, t\u00eb cil\u00ebt duhet t&#8217;i mbrojn\u00eb.<\/p>\n<p>&#8220;Ushtar\u00ebt dhe oficer\u00ebt n\u00eb terren thon\u00eb se k\u00ebrc\u00ebnimi nga dron\u00ebt \u00ebsht\u00eb m\u00eb i madh kur ata jan\u00eb n\u00eb zona t\u00eb hapura dhe kur jan\u00eb n\u00eb l\u00ebvizje&#8221;, shtoi ajo.<\/p>\n<p>&#8220;Problemet lindin kur forcat jan\u00eb n\u00eb terren t\u00eb hapur dhe nuk mund t\u00eb mbrohen si\u00e7 duhet. Dhe pjesa m\u00eb e madhe e pun\u00ebs p\u00ebr shembjen e sht\u00ebpive n\u00eb fshatrat libaneze zhvillohet n\u00eb zona t\u00eb hapura, duke i l\u00ebn\u00eb ushtar\u00ebt t\u00eb cenuesh\u00ebm&#8221;, theksohet m\u00eb tej.<\/p>\n<p>Nj\u00eb ushtar i p\u00ebrfshir\u00eb n\u00eb operacione tha: &#8220;Ne q\u00ebndrojm\u00eb aty, t\u00eb ekspozuar, dhe ruajm\u00eb shembjen e sht\u00ebpive nd\u00ebrsa dron\u00ebt jan\u00eb n\u00eb aj\u00ebr. Nuk ka logjik\u00eb n\u00eb k\u00ebt\u00eb&#8221;.<\/p>\n<p>&#8220;N\u00eb fund t\u00eb \u00e7do dite, ka nj\u00eb raport se sa sht\u00ebpi jan\u00eb shkat\u00ebrruar&#8221;, tha nj\u00eb tjet\u00ebr oficer.<\/p>\n<p>Ushtar\u00ebt gjithashtu i than\u00eb gazet\u00ebs se kontraktor\u00ebt civil\u00eb paguhen n\u00eb baz\u00eb t\u00eb sasis\u00eb q\u00eb shkat\u00ebrrojn\u00eb.<\/p>\n<p>&#8220;Ne jemi aty p\u00ebr t&#8217;i ruajtur, duke rrezikuar jet\u00ebn ton\u00eb&#8221;, tha nj\u00eb ushtar.<\/p>\n<p>Raporti vjen nd\u00ebrsa Izraeli l\u00ebviz p\u00ebr t\u00eb zgjeruar zonat tampon p\u00ebrtej kufijve t\u00eb tij, ngjash\u00ebm me masat e marra n\u00eb Gaza dhe Siri.<\/p>\n<p>N\u00eb prill, ushtria izraelite njoftoi vendosjen e t\u00eb ashtuquajtur\u00ebs &#8220;Vija e Verdh\u00eb&#8221; n\u00eb jug t\u00eb lumit Litani, nj\u00eb kufi i supozuar q\u00eb p\u00ebrcakton zon\u00ebn q\u00eb shtrihet deri n\u00eb kufi si nj\u00eb &#8220;zon\u00eb tampon sigurie&#8221;, n\u00eb nj\u00eb hap q\u00eb i ngjan modelit t\u00eb Gaz\u00ebs.<\/p>\n<p>Sipas Izraelit, zona synon t\u00eb pengoj\u00eb kthimin e banor\u00ebve t\u00eb zhvendosur dhe t\u00eb sh\u00ebnjestroj\u00eb \u00e7do aktivitet t\u00eb armatosur, duke e klasifikuar at\u00eb si nj\u00eb &#8220;zon\u00eb lufte&#8221; q\u00eb nuk i n\u00ebnshtrohet marr\u00ebveshjeve t\u00eb arm\u00ebpushimit. Ky hap sugjeron nj\u00eb p\u00ebrpjekje p\u00ebr t\u00eb ngulitur nj\u00eb realitet t\u00eb ri n\u00eb terren, duke justifikuar paraprakisht sulme t\u00eb ardhshme n\u00eb k\u00ebt\u00eb zon\u00eb.<\/p>\n<hr style=\"margin:30px 0\"\/>\n<p style=\"font-size:13px;color:#666\">Burimi: <strong>mesazhi<\/strong><\/p>\n","protected":false},"excerpt":{"rendered":"<p>Oficer\u00eb dhe ushtar\u00eb izraelit\u00eb kan\u00eb pranuar se kan\u00eb kryer shkat\u00ebrrim t\u00eb gjer\u00eb t\u00eb nd\u00ebrtesave n\u00eb fshatra n\u00eb jug t\u00eb Libanit, duke th\u00ebn\u00eb se misioni i tyre shkon p\u00ebrtej sh\u00ebnjestrimit t\u00eb infrastruktur\u00ebs s\u00eb Hezbollahut, transmeton Anadolu. Q\u00eb nga 2 marsi, Izraeli ka zhvilluar nj\u00eb ofensiv\u00eb n\u00eb Liban q\u00eb ka vrar\u00eb t\u00eb pakt\u00ebn 2.534 persona, ka plagosur [&hellip;]<\/p>\n","protected":false},"author":1,"featured_media":108301,"comment_status":"open","ping_status":"open","sticky":false,"template":"","format":"standard","meta":{"footnotes":""},"categories":[24],"tags":[3803],"class_list":["post-108302","post","type-post","status-publish","format-standard","has-post-thumbnail","hentry","category-bote","tag-aktuale"],"_links":{"self":[{"href":"https:\/\/prizrenpost.com\/al\/wp-json\/wp\/v2\/posts\/108302","targetHints":{"allow":["GET"]}}],"collection":[{"href":"https:\/\/prizrenpost.com\/al\/wp-json\/wp\/v2\/posts"}],"about":[{"href":"https:\/\/prizrenpost.com\/al\/wp-json\/wp\/v2\/types\/post"}],"author":[{"embeddable":true,"href":"https:\/\/prizrenpost.com\/al\/wp-json\/wp\/v2\/users\/1"}],"replies":[{"embeddable":true,"href":"https:\/\/prizrenpost.com\/al\/wp-json\/wp\/v2\/comments?post=108302"}],"version-history":[{"count":0,"href":"https:\/\/prizrenpost.com\/al\/wp-json\/wp\/v2\/posts\/108302\/revisions"}],"wp:featuredmedia":[{"embeddable":true,"href":"https:\/\/prizrenpost.com\/al\/wp-json\/wp\/v2\/media\/108301"}],"wp:attachment":[{"href":"https:\/\/prizrenpost.com\/al\/wp-json\/wp\/v2\/media?parent=108302"}],"wp:term":[{"taxonomy":"category","embeddable":true,"href":"https:\/\/prizrenpost.com\/al\/wp-json\/wp\/v2\/categories?post=108302"},{"taxonomy":"post_tag","embeddable":true,"href":"https:\/\/prizrenpost.com\/al\/wp-json\/wp\/v2\/tags?post=108302"}],"curies":[{"name":"wp","href":"https:\/\/api.w.org\/{rel}","templated":true}]}}