{"id":108304,"date":"2026-04-30T17:30:41","date_gmt":"2026-04-30T14:30:41","guid":{"rendered":"https:\/\/prizrenpost.com\/al\/raporti-epsteini-u-perpoq-te-grumbullonte-para-pushtet-dhe-gra-ne-afrike\/"},"modified":"2026-04-30T17:30:41","modified_gmt":"2026-04-30T14:30:41","slug":"raporti-epsteini-u-perpoq-te-grumbullonte-para-pushtet-dhe-gra-ne-afrike","status":"publish","type":"post","link":"https:\/\/prizrenpost.com\/al\/raporti-epsteini-u-perpoq-te-grumbullonte-para-pushtet-dhe-gra-ne-afrike\/","title":{"rendered":"Raporti: Epsteini u p\u00ebrpoq t\u00eb grumbullonte para, pushtet dhe gra n\u00eb Afrik\u00eb"},"content":{"rendered":"<figure class=\"post-featured-image\"><img decoding=\"async\" src=\"https:\/\/prizrenpost.com\/al\/wp-content\/uploads\/2026\/04\/Epstein-Epstein.jpg\" alt=\"Raporti: Epsteini u p\u00ebrpoq t\u00eb grumbullonte para, pushtet dhe gra n\u00eb Afrik\u00eb\"\/><\/figure>\n<p>Para vdekjes s\u00eb tij n\u00eb vitin 2019 n\u00eb nj\u00eb qeli burgu n\u00eb Manhattan, autori i d\u00ebnuar i krimeve seksuale Jeffrey Epstein nd\u00ebrtoi lidhje n\u00eb t\u00eb gjith\u00eb elit\u00ebn e Afrik\u00ebs, transmeton Anadolu.<\/p>\n<p>Sipas nj\u00eb raporti t\u00eb gazet\u00ebs &#8220;Miami Herald&#8221; t\u00eb m\u00ebrkur\u00ebn, Epsteini u p\u00ebrpoq t\u00eb grumbullonte para, pushtet dhe gra n\u00eb t\u00eb gjith\u00eb kontinentin.<\/p>\n<p>Kur Senegali hetoi djalin e ish-presidentit Abdoulaye Wade p\u00ebr korrupsion, Epsteini e mb\u00ebshteti at\u00eb me rezidenc\u00ebn e tij n\u00eb Palm Beach dhe fonde t\u00eb gjera ligjore, madje duke pun\u00ebsuar nj\u00eb kompani t\u00eb lart\u00eb p\u00ebr t\u00eb lobuar te zyrtar\u00ebt amerikan\u00eb p\u00ebr lirimin e tij, tha raporti.<\/p>\n<p>&#8220;Shum\u00eb i lumtur q\u00eb t\u00eb kemi kthyer,&#8221; i shkroi Epsteini Karim Wades, djalit t\u00eb Abdoulaye Wades, pak pasi u lirua nga burgu. &#8220;Mund t\u00eb flasim me Skype kur t\u00eb duash&#8230; mund t\u00eb ndajm\u00eb histori burgosjeje&#8221;, tha raporti.<\/p>\n<p>Ai ndoqi lidhje me Muammar Gaddafin e Libis\u00eb n\u00eb vitin 2010, pastaj u zhvendos n\u00eb figura anti-regjim nd\u00ebrsa pushteti i Gaddafit u zbeh, tha raporti.<\/p>\n<p>N\u00eb nj\u00eb takim n\u00eb rezidenc\u00ebn e tij n\u00eb Palm Beach n\u00eb vitin 2018, Epsteini k\u00ebshilloi nj\u00eb biznesmen t\u00eb lindur n\u00eb Nigeri q\u00eb ndiqte nj\u00eb marr\u00ebveshje minierash t\u00eb prekur nga sanksionet e SHBA-s\u00eb, duke sugjeruar: &#8220;N\u00ebse keni pasur nj\u00eb takim me divizionin p\u00ebrkat\u00ebs t\u00eb Thesarit, jam i sigurt q\u00eb mund t\u00eb strukturoheni rreth tij&#8221;.<\/p>\n<p>N\u00eb t\u00eb pakt\u00ebn dy raste, Epsteini ishte n\u00eb k\u00ebrkim t\u00eb grave q\u00eb mund t&#8217;i d\u00ebrgoheshin, mund\u00ebsisht m\u00eb t\u00eb reja dhe t\u00eb bardha. &#8220;Un\u00eb preferoj n\u00ebn 25-vje\u00e7&#8221;, i d\u00ebrgoi ai nj\u00eb email nj\u00eb gruaje t\u00eb referuar nga nj\u00eb modele q\u00eb ai e kishte njohur n\u00eb New York, Nina Keita, mbesa e presidentit t\u00eb Bregut t\u00eb Fildisht\u00eb, Alassane Ouattara.<\/p>\n<p>N\u00eb nj\u00eb email tjet\u00ebr drejtuar skautit t\u00eb modeleve evropiane Daniel Siad, i cili kishte kontakte n\u00eb Afrik\u00ebn e Jugut, Epsteini tha shprehimisht se ishte i gatsh\u00ebm t\u00eb mbulonte shpenzimet e udh\u00ebtimit t\u00eb grave t\u00eb Afrik\u00ebs s\u00eb Jugut q\u00eb do t&#8217;i silleshin, por &#8220;jo asaj t\u00eb err\u00ebt\u00ebs&#8221;.<\/p>\n<p>Lidhjet e Epsteinit me Karim Waden filluan n\u00eb vitin 2010 dhe p\u00ebrfshinin prezantime me financues global\u00eb dhe mikpritje n\u00eb pronat e tij. Pasi Karim Wade u akuzua p\u00ebr grumbullimin e 1.4 miliard dollar\u00ebve dhe u burgos, Epsteini ofroi mb\u00ebshtetje, duke shkruar: &#8220;Ju dhe familja juaj jeni t\u00eb mir\u00ebpritur t\u00eb p\u00ebrdorni sht\u00ebpin\u00eb time n\u00eb Palm Beach. Ju nuk do t\u00eb vuani&#8221;.<\/p>\n<p>Ai financoi p\u00ebrpjekjet ligjore, p\u00ebrfshir\u00eb lobimin p\u00ebrmes nj\u00eb kompani avokatie amerikane dhe shkroi n\u00eb vitin 2016: &#8220;Dua q\u00eb miku im t\u00eb kthehet&#8221;. Karim Wade u fal m\u00eb von\u00eb at\u00eb vit pasi vuajti tre vjet burg.<\/p>\n<hr style=\"margin:30px 0\"\/>\n<p style=\"font-size:13px;color:#666\">Burimi: <strong>mesazhi<\/strong><\/p>\n","protected":false},"excerpt":{"rendered":"<p>Para vdekjes s\u00eb tij n\u00eb vitin 2019 n\u00eb nj\u00eb qeli burgu n\u00eb Manhattan, autori i d\u00ebnuar i krimeve seksuale Jeffrey Epstein nd\u00ebrtoi lidhje n\u00eb t\u00eb gjith\u00eb elit\u00ebn e Afrik\u00ebs, transmeton Anadolu. Sipas nj\u00eb raporti t\u00eb gazet\u00ebs &#8220;Miami Herald&#8221; t\u00eb m\u00ebrkur\u00ebn, Epsteini u p\u00ebrpoq t\u00eb grumbullonte para, pushtet dhe gra n\u00eb t\u00eb gjith\u00eb kontinentin. Kur Senegali [&hellip;]<\/p>\n","protected":false},"author":1,"featured_media":108303,"comment_status":"open","ping_status":"open","sticky":false,"template":"","format":"standard","meta":{"footnotes":""},"categories":[24],"tags":[3803],"class_list":["post-108304","post","type-post","status-publish","format-standard","has-post-thumbnail","hentry","category-bote","tag-aktuale"],"_links":{"self":[{"href":"https:\/\/prizrenpost.com\/al\/wp-json\/wp\/v2\/posts\/108304","targetHints":{"allow":["GET"]}}],"collection":[{"href":"https:\/\/prizrenpost.com\/al\/wp-json\/wp\/v2\/posts"}],"about":[{"href":"https:\/\/prizrenpost.com\/al\/wp-json\/wp\/v2\/types\/post"}],"author":[{"embeddable":true,"href":"https:\/\/prizrenpost.com\/al\/wp-json\/wp\/v2\/users\/1"}],"replies":[{"embeddable":true,"href":"https:\/\/prizrenpost.com\/al\/wp-json\/wp\/v2\/comments?post=108304"}],"version-history":[{"count":0,"href":"https:\/\/prizrenpost.com\/al\/wp-json\/wp\/v2\/posts\/108304\/revisions"}],"wp:featuredmedia":[{"embeddable":true,"href":"https:\/\/prizrenpost.com\/al\/wp-json\/wp\/v2\/media\/108303"}],"wp:attachment":[{"href":"https:\/\/prizrenpost.com\/al\/wp-json\/wp\/v2\/media?parent=108304"}],"wp:term":[{"taxonomy":"category","embeddable":true,"href":"https:\/\/prizrenpost.com\/al\/wp-json\/wp\/v2\/categories?post=108304"},{"taxonomy":"post_tag","embeddable":true,"href":"https:\/\/prizrenpost.com\/al\/wp-json\/wp\/v2\/tags?post=108304"}],"curies":[{"name":"wp","href":"https:\/\/api.w.org\/{rel}","templated":true}]}}