{"id":108308,"date":"2026-04-30T17:30:44","date_gmt":"2026-04-30T14:30:44","guid":{"rendered":"https:\/\/prizrenpost.com\/al\/studentja-shqiptare-e-shkupit-maqedonasit-duan-te-na-poshterojne\/"},"modified":"2026-04-30T17:30:44","modified_gmt":"2026-04-30T14:30:44","slug":"studentja-shqiptare-e-shkupit-maqedonasit-duan-te-na-poshterojne","status":"publish","type":"post","link":"https:\/\/prizrenpost.com\/al\/studentja-shqiptare-e-shkupit-maqedonasit-duan-te-na-poshterojne\/","title":{"rendered":"Studentja shqiptare e Shkupit: Maqedonasit duan t\u00eb na posht\u00ebrojn\u00eb!"},"content":{"rendered":"<figure class=\"post-featured-image\"><img decoding=\"async\" src=\"https:\/\/prizrenpost.com\/al\/wp-content\/uploads\/2026\/04\/Capture_sd-19.jpg\" alt=\"Studentja shqiptare e Shkupit: Maqedonasit duan t\u00eb na posht\u00ebrojn\u00eb!\"\/><\/figure>\n<p><em>Pohimi sfidues: Jemi n\u00eb tok\u00ebn tone dhe nuk ka ligj q\u00eb na n\u00ebnshtron!<\/em><br \/>\nN\u00eb Top Story n\u00eb TCH, dedikuar reagimit studentor shqiptar n\u00eb Shkup p\u00ebr lejimin e dh\u00ebnies s\u00eb provimit n\u00eb Fakultetin e Drejt\u00ebsis\u00eb n\u00eb gjuh\u00ebn shqipe, foli pa dorashka dhe nj\u00ebra prej studenteve. Sipas saj, shqiptar\u00ebt n\u00eb Maqedonin\u00eb e Veriut, jan\u00eb nj\u00eb target maqedonas p\u00ebr t\u2019i n\u00ebnshtruar e posht\u00ebruar.<\/p>\n<p>\u201cDuan t\u00eb na posht\u00ebrojn\u00eb. T\u00eb tregojn\u00eb q\u00eb ata jan\u00eb zot i k\u00ebtij vendi dhe ne t\u00eb n\u00ebnshtrohemi tek ata. Nuk \u00ebsht\u00eb hamend\u00ebsim, ne e dim\u00eb q\u00eb duan t\u00eb na n\u00ebnshtrojn\u00eb. Nuk ka shanse q\u00eb shqiptar\u00ebt t\u00eb n\u00ebnshtrohen n\u00eb vendin e tyre, ky \u00ebsht\u00eb vendi yn\u00eb, nuk ka ligj q\u00eb mund ta b\u00ebjn\u00eb at\u00eb.<\/p>\n<p>Edhe pse nuk jemi nga i nj\u00ebjti fakultet, por q\u00eb t\u00eb gjith\u00eb edhe pse nuk jemi nga i nj\u00ebjti fakultet ne e ndjejm\u00eb posht\u00ebrimin q\u00eb po na b\u00ebjn\u00eb, ne do t\u00eb jemi deri n\u00eb fund ata q\u00eb do t\u00eb luftojm\u00eb p\u00ebr k\u00ebt\u00eb ngjarje q\u00eb na ka prekur t\u00eb gjith\u00ebve shum\u00eb. Nuk e dinim ku fshihej lepuri, por tani e dim\u00eb dhe nuk do t\u00eb ndalemi.<\/p>\n<p>Kjo betej\u00eb \u00ebsht\u00eb e fituar tashm\u00eb, n\u00eb thjesht presim pak m\u00eb shum\u00eb suport nga Kosova dhe Shqip\u00ebria, \u00ebsht\u00eb ajo q\u00eb do t\u00eb na mbaj\u00eb n\u00eb k\u00ebmb\u00eb\u201d, tha studentja.<\/p>\n<hr style=\"margin:30px 0\"\/>\n<p style=\"font-size:13px;color:#666\">Burimi: <strong>mesazhi<\/strong><\/p>\n","protected":false},"excerpt":{"rendered":"<p>Pohimi sfidues: Jemi n\u00eb tok\u00ebn tone dhe nuk ka ligj q\u00eb na n\u00ebnshtron! N\u00eb Top Story n\u00eb TCH, dedikuar reagimit studentor shqiptar n\u00eb Shkup p\u00ebr lejimin e dh\u00ebnies s\u00eb provimit n\u00eb Fakultetin e Drejt\u00ebsis\u00eb n\u00eb gjuh\u00ebn shqipe, foli pa dorashka dhe nj\u00ebra prej studenteve. Sipas saj, shqiptar\u00ebt n\u00eb Maqedonin\u00eb e Veriut, jan\u00eb nj\u00eb target maqedonas [&hellip;]<\/p>\n","protected":false},"author":1,"featured_media":108307,"comment_status":"open","ping_status":"open","sticky":false,"template":"","format":"standard","meta":{"footnotes":""},"categories":[24],"tags":[3803],"class_list":["post-108308","post","type-post","status-publish","format-standard","has-post-thumbnail","hentry","category-bote","tag-aktuale"],"_links":{"self":[{"href":"https:\/\/prizrenpost.com\/al\/wp-json\/wp\/v2\/posts\/108308","targetHints":{"allow":["GET"]}}],"collection":[{"href":"https:\/\/prizrenpost.com\/al\/wp-json\/wp\/v2\/posts"}],"about":[{"href":"https:\/\/prizrenpost.com\/al\/wp-json\/wp\/v2\/types\/post"}],"author":[{"embeddable":true,"href":"https:\/\/prizrenpost.com\/al\/wp-json\/wp\/v2\/users\/1"}],"replies":[{"embeddable":true,"href":"https:\/\/prizrenpost.com\/al\/wp-json\/wp\/v2\/comments?post=108308"}],"version-history":[{"count":0,"href":"https:\/\/prizrenpost.com\/al\/wp-json\/wp\/v2\/posts\/108308\/revisions"}],"wp:featuredmedia":[{"embeddable":true,"href":"https:\/\/prizrenpost.com\/al\/wp-json\/wp\/v2\/media\/108307"}],"wp:attachment":[{"href":"https:\/\/prizrenpost.com\/al\/wp-json\/wp\/v2\/media?parent=108308"}],"wp:term":[{"taxonomy":"category","embeddable":true,"href":"https:\/\/prizrenpost.com\/al\/wp-json\/wp\/v2\/categories?post=108308"},{"taxonomy":"post_tag","embeddable":true,"href":"https:\/\/prizrenpost.com\/al\/wp-json\/wp\/v2\/tags?post=108308"}],"curies":[{"name":"wp","href":"https:\/\/api.w.org\/{rel}","templated":true}]}}