{"id":108310,"date":"2026-04-30T17:30:50","date_gmt":"2026-04-30T14:30:50","guid":{"rendered":"https:\/\/prizrenpost.com\/al\/arrestohet-prizrenasi-qe-ishte-ne-kerkim-pas-denimit-me-burg-efektiv\/"},"modified":"2026-04-30T17:30:50","modified_gmt":"2026-04-30T14:30:50","slug":"arrestohet-prizrenasi-qe-ishte-ne-kerkim-pas-denimit-me-burg-efektiv","status":"publish","type":"post","link":"https:\/\/prizrenpost.com\/al\/arrestohet-prizrenasi-qe-ishte-ne-kerkim-pas-denimit-me-burg-efektiv\/","title":{"rendered":"Arrestohet prizrenasi q\u00eb ishte n\u00eb k\u00ebrkim pas d\u00ebnimit me burg efektiv"},"content":{"rendered":"<figure class=\"post-featured-image\"><img decoding=\"async\" src=\"https:\/\/prizrenpost.com\/al\/wp-content\/uploads\/2026\/04\/1570807731_arrestim-1.jpg\" alt=\"Arrestohet prizrenasi q\u00eb ishte n\u00eb k\u00ebrkim pas d\u00ebnimit me burg efektiv\"\/><\/figure>\n<p>Policia e Kosov\u00ebs ka njoftuar se e ka arrestuar nj\u00eb person n\u00eb Prizren, i cili ishte n\u00eb k\u00ebrkim pasi ishte i d\u00ebnuar me 1 vit burgim efektiv.<\/p>\n<p>Ky d\u00ebnim, atij i ishte shqiptuar p\u00ebr vepr\u00ebn penale t\u00eb vjedhjes s\u00eb r\u00ebnd\u00eb n\u00eb tentativ\u00eb.<\/p>\n<p>\u201cMe dat\u00ebn 29.04.2026, polic\u00ebt e Nj\u00ebsis\u00eb p\u00ebr Realizimin e Urdh\u00ebresave t\u00eb Stacionit Policor Prizren, pas veprimeve operative\u2013hetimore dhe duke vepruar sipas nj\u00eb plani taktik-operativ, kan\u00eb arritur t\u00eb lokalizojn\u00eb dhe t\u00eb arrestojn\u00eb t\u00eb dyshuarin N. R. mashkull nga Prizreni. I nj\u00ebjti ka qen\u00eb n\u00eb k\u00ebrkim pasi ishte i d\u00ebnuar nj\u00eb (1) vit\u00a0 burg efektiv me vendim t\u00eb plotfuqish\u00ebm t\u00eb Gjykat\u00ebs Themelore t\u00eb Prizrenit.\u201d, thuhet n\u00eb njoftim.<\/p>\n<p>Sipas njoftimit, i arrestuari N. R. fillimisht \u00ebsht\u00eb sjell\u00eb n\u00eb Stacionin Policor n\u00eb Prizren dhe m\u00eb pas \u00ebsht\u00eb d\u00ebrguar n\u00eb burg p\u00ebr vuajtjen e d\u00ebnimit. \/Klankosova.tv<\/p>\n<hr style=\"margin:30px 0\"\/>\n<p style=\"font-size:13px;color:#666\">Burimi: <strong>klankosova<\/strong><\/p>\n","protected":false},"excerpt":{"rendered":"<p>Policia e Kosov\u00ebs ka njoftuar se e ka arrestuar nj\u00eb person n\u00eb Prizren, i cili ishte n\u00eb k\u00ebrkim pasi ishte i d\u00ebnuar me 1 vit burgim efektiv. Ky d\u00ebnim, atij i ishte shqiptuar p\u00ebr vepr\u00ebn penale t\u00eb vjedhjes s\u00eb r\u00ebnd\u00eb n\u00eb tentativ\u00eb. \u201cMe dat\u00ebn 29.04.2026, polic\u00ebt e Nj\u00ebsis\u00eb p\u00ebr Realizimin e Urdh\u00ebresave t\u00eb Stacionit Policor [&hellip;]<\/p>\n","protected":false},"author":1,"featured_media":108309,"comment_status":"open","ping_status":"open","sticky":false,"template":"","format":"standard","meta":{"footnotes":""},"categories":[17],"tags":[],"class_list":["post-108310","post","type-post","status-publish","format-standard","has-post-thumbnail","hentry","category-kronike"],"_links":{"self":[{"href":"https:\/\/prizrenpost.com\/al\/wp-json\/wp\/v2\/posts\/108310","targetHints":{"allow":["GET"]}}],"collection":[{"href":"https:\/\/prizrenpost.com\/al\/wp-json\/wp\/v2\/posts"}],"about":[{"href":"https:\/\/prizrenpost.com\/al\/wp-json\/wp\/v2\/types\/post"}],"author":[{"embeddable":true,"href":"https:\/\/prizrenpost.com\/al\/wp-json\/wp\/v2\/users\/1"}],"replies":[{"embeddable":true,"href":"https:\/\/prizrenpost.com\/al\/wp-json\/wp\/v2\/comments?post=108310"}],"version-history":[{"count":0,"href":"https:\/\/prizrenpost.com\/al\/wp-json\/wp\/v2\/posts\/108310\/revisions"}],"wp:featuredmedia":[{"embeddable":true,"href":"https:\/\/prizrenpost.com\/al\/wp-json\/wp\/v2\/media\/108309"}],"wp:attachment":[{"href":"https:\/\/prizrenpost.com\/al\/wp-json\/wp\/v2\/media?parent=108310"}],"wp:term":[{"taxonomy":"category","embeddable":true,"href":"https:\/\/prizrenpost.com\/al\/wp-json\/wp\/v2\/categories?post=108310"},{"taxonomy":"post_tag","embeddable":true,"href":"https:\/\/prizrenpost.com\/al\/wp-json\/wp\/v2\/tags?post=108310"}],"curies":[{"name":"wp","href":"https:\/\/api.w.org\/{rel}","templated":true}]}}