{"id":108316,"date":"2026-04-30T17:35:24","date_gmt":"2026-04-30T14:35:24","guid":{"rendered":"https:\/\/prizrenpost.com\/al\/izraeli-vazhdon-sulmet-ajrore-ne-libanin-jugor-9-te-vrare-dhe-13-te-plagosur\/"},"modified":"2026-04-30T17:35:24","modified_gmt":"2026-04-30T14:35:24","slug":"izraeli-vazhdon-sulmet-ajrore-ne-libanin-jugor-9-te-vrare-dhe-13-te-plagosur","status":"publish","type":"post","link":"https:\/\/prizrenpost.com\/al\/izraeli-vazhdon-sulmet-ajrore-ne-libanin-jugor-9-te-vrare-dhe-13-te-plagosur\/","title":{"rendered":"Izraeli vazhdon sulmet ajrore n\u00eb Libanin jugor, 9 t\u00eb vrar\u00eb dhe 13 t\u00eb plagosur"},"content":{"rendered":"<figure class=\"post-featured-image\"><img decoding=\"async\" src=\"https:\/\/prizrenpost.com\/al\/wp-content\/uploads\/2026\/04\/thumbs_b_c_db6a8c862133f4521b670a8278c5fe6a.jpg\" alt=\"Izraeli vazhdon sulmet ajrore n\u00eb Libanin jugor, 9 t\u00eb vrar\u00eb dhe 13 t\u00eb plagosur\"\/><\/figure>\n<p>T\u00eb pakt\u00ebn 9 persona u vran\u00eb dhe 13 t\u00eb tjer\u00eb u plagos\u00ebn n\u00eb sulmet ajrore izraelite n\u00eb disa qytete n\u00eb Libanin jugor t\u00eb enjten, pavar\u00ebsisht nj\u00eb arm\u00ebpushimi t\u00eb p\u00ebrkohsh\u00ebm, raportuan mediat libaneze, transmeton Anadolu.<\/p>\n<p>Agjencia shtet\u00ebrore Komb\u00ebtare e Lajmeve tha se 3 persona u vran\u00eb dhe 7 u plagos\u00ebn n\u00eb nj\u00eb sulm n\u00eb qytetin Jibchit, ku u shkat\u00ebrrua nj\u00eb nd\u00ebrtes\u00eb banimi.<\/p>\n<p>N\u00eb qytetin Toul, kat\u00ebr persona u vran\u00eb dhe gjasht\u00eb t\u00eb tjer\u00eb u plagos\u00ebn, nd\u00ebrsa nj\u00eb nd\u00ebrtes\u00eb tjet\u00ebr banimi u shkat\u00ebrrua.<\/p>\n<p>Dy persona t\u00eb tjer\u00eb u vran\u00eb n\u00eb qytetin Harouf, ku nj\u00eb sht\u00ebpi u godit nga nj\u00eb avion izraelit, tha agjencia.<\/p>\n<p>Aeroplan\u00ebt luftarak\u00eb izraelit\u00eb kryen gjithashtu nj\u00eb sulm n\u00eb Sultaniyeh, nd\u00ebrsa bombardimet me artileri sh\u00ebnjestruan periferit\u00eb e Zawtar al-Sharqiya dhe Mifadoun.<\/p>\n<p>Q\u00eb nga 2 marsi, Izraeli ka zhvilluar nj\u00eb ofensiv\u00eb vdekjeprur\u00ebse n\u00eb Liban q\u00eb ka vrar\u00eb t\u00eb pakt\u00ebn 2.534 persona, ka plagosur 7.863 dhe ka zhvendosur m\u00eb shum\u00eb se 1,6 milion\u00eb, rreth nj\u00eb e pesta e popullsis\u00eb sipas shifrave zyrtare.<\/p>\n<p>Nj\u00eb arm\u00ebpushim 10-ditor q\u00eb filloi m\u00eb 17 prill u zgjat m\u00eb von\u00eb deri m\u00eb 17 maj, por Izraeli vazhdon ta shkel\u00eb at\u00eb \u00e7do dit\u00eb p\u00ebrmes sulmeve ajrore dhe shkat\u00ebrrimit t\u00eb sht\u00ebpive n\u00eb Libanin jugor.<\/p>\n<hr style=\"margin:30px 0\"\/>\n<p style=\"font-size:13px;color:#666\">Burimi: <strong>mesazhi<\/strong><\/p>\n","protected":false},"excerpt":{"rendered":"<p>T\u00eb pakt\u00ebn 9 persona u vran\u00eb dhe 13 t\u00eb tjer\u00eb u plagos\u00ebn n\u00eb sulmet ajrore izraelite n\u00eb disa qytete n\u00eb Libanin jugor t\u00eb enjten, pavar\u00ebsisht nj\u00eb arm\u00ebpushimi t\u00eb p\u00ebrkohsh\u00ebm, raportuan mediat libaneze, transmeton Anadolu. Agjencia shtet\u00ebrore Komb\u00ebtare e Lajmeve tha se 3 persona u vran\u00eb dhe 7 u plagos\u00ebn n\u00eb nj\u00eb sulm n\u00eb qytetin Jibchit, [&hellip;]<\/p>\n","protected":false},"author":1,"featured_media":108315,"comment_status":"open","ping_status":"open","sticky":false,"template":"","format":"standard","meta":{"footnotes":""},"categories":[24],"tags":[3803],"class_list":["post-108316","post","type-post","status-publish","format-standard","has-post-thumbnail","hentry","category-bote","tag-aktuale"],"_links":{"self":[{"href":"https:\/\/prizrenpost.com\/al\/wp-json\/wp\/v2\/posts\/108316","targetHints":{"allow":["GET"]}}],"collection":[{"href":"https:\/\/prizrenpost.com\/al\/wp-json\/wp\/v2\/posts"}],"about":[{"href":"https:\/\/prizrenpost.com\/al\/wp-json\/wp\/v2\/types\/post"}],"author":[{"embeddable":true,"href":"https:\/\/prizrenpost.com\/al\/wp-json\/wp\/v2\/users\/1"}],"replies":[{"embeddable":true,"href":"https:\/\/prizrenpost.com\/al\/wp-json\/wp\/v2\/comments?post=108316"}],"version-history":[{"count":0,"href":"https:\/\/prizrenpost.com\/al\/wp-json\/wp\/v2\/posts\/108316\/revisions"}],"wp:featuredmedia":[{"embeddable":true,"href":"https:\/\/prizrenpost.com\/al\/wp-json\/wp\/v2\/media\/108315"}],"wp:attachment":[{"href":"https:\/\/prizrenpost.com\/al\/wp-json\/wp\/v2\/media?parent=108316"}],"wp:term":[{"taxonomy":"category","embeddable":true,"href":"https:\/\/prizrenpost.com\/al\/wp-json\/wp\/v2\/categories?post=108316"},{"taxonomy":"post_tag","embeddable":true,"href":"https:\/\/prizrenpost.com\/al\/wp-json\/wp\/v2\/tags?post=108316"}],"curies":[{"name":"wp","href":"https:\/\/api.w.org\/{rel}","templated":true}]}}