{"id":108318,"date":"2026-04-30T17:35:27","date_gmt":"2026-04-30T14:35:27","guid":{"rendered":"https:\/\/prizrenpost.com\/al\/partia-opozitare-greke-syriza-akuzon-qeverine-per-bashkepunim-me-izraelin-ne-nje-operacion-piraterie\/"},"modified":"2026-04-30T17:35:27","modified_gmt":"2026-04-30T14:35:27","slug":"partia-opozitare-greke-syriza-akuzon-qeverine-per-bashkepunim-me-izraelin-ne-nje-operacion-piraterie","status":"publish","type":"post","link":"https:\/\/prizrenpost.com\/al\/partia-opozitare-greke-syriza-akuzon-qeverine-per-bashkepunim-me-izraelin-ne-nje-operacion-piraterie\/","title":{"rendered":"Partia opozitare greke SYRIZA akuzon qeverin\u00eb p\u00ebr \u201cbashk\u00ebpunim me Izraelin\u201d n\u00eb nj\u00eb operacion piraterie"},"content":{"rendered":"<figure class=\"post-featured-image\"><img decoding=\"async\" src=\"https:\/\/prizrenpost.com\/al\/wp-content\/uploads\/2026\/04\/greqia.jpg\" alt=\"Partia opozitare greke SYRIZA akuzon qeverin\u00eb p\u00ebr \u201cbashk\u00ebpunim me Izraelin\u201d n\u00eb nj\u00eb operacion piraterie\"\/><\/figure>\n<p>Partia opozitare e majt\u00eb greke SYRIZA akuzoi sot qeverin\u00eb p\u00ebr bashk\u00ebpunim pasi Izraeli sulmoi nj\u00eb flotilje ndihmash p\u00ebr Gaz\u00ebn, duke e p\u00ebrshkruar at\u00eb si nj\u00eb &#8220;operacion piraterie t\u00eb paligjsh\u00ebm&#8221;, transmeton Anadolu.<\/p>\n<p>Duke iu referuar interceptimit q\u00eb ndodhi sot n\u00eb uj\u00ebrat nd\u00ebrkomb\u00ebtare vet\u00ebm pak milje larg uj\u00ebrave territoriale t\u00eb Greqis\u00eb, shefja e politik\u00ebs s\u00eb jashtme t\u00eb SYRIZA, Rena Dourou tha se &#8220;Operacioni i paligjsh\u00ebm i pirateris\u00eb u zhvillua brenda zon\u00ebs s\u00eb k\u00ebrkim-shp\u00ebtimit t\u00eb Greqis\u00eb, me munges\u00eb t\u00eb Roj\u00ebs Bregdetare dhe autoriteteve greke&#8221;.<\/p>\n<p>&#8220;Qeveria greke \u00ebsht\u00eb bashk\u00ebpun\u00ebtore n\u00eb nj\u00eb veprim q\u00eb shkel \u00e7do koncept t\u00eb s\u00eb drejt\u00ebs nd\u00ebrkomb\u00ebtare q\u00eb \u00ebsht\u00eb kryer nga shteti i Izraelit, i cili po evoluon n\u00eb nj\u00eb shtet t\u00eb p\u00ebrjashtuar q\u00eb vepron n\u00eb d\u00ebm t\u00eb paqes dhe stabilitetit n\u00eb rajon&#8221;, tha ajo.<\/p>\n<p>&#8220;Kryeministri grek mban p\u00ebrgjegj\u00ebsi personale p\u00ebr toleranc\u00ebn dhe bashk\u00ebpunimin e Greqis\u00eb ndaj nj\u00eb shteti q\u00eb drejtohet n\u00eb luft\u00eb me Iranin dhe Libanin, gjenocidin n\u00eb Gaza dhe p\u00ebrbuzjen p\u00ebr \u00e7do koncept t\u00eb legjitimitetit nd\u00ebrkomb\u00ebtar. Qeveria greke \u00ebsht\u00eb p\u00ebrgjegj\u00ebse dhe bashk\u00ebpun\u00ebtore&#8221;, shtoi Dourou.<\/p>\n<p>Flotilja, q\u00eb mbante ndihma humanitare, u nis dy jav\u00eb m\u00eb par\u00eb nga ishulli italian i Si\u00e7ilis\u00eb, me nj\u00eb total prej 58 anijesh q\u00eb synojn\u00eb t\u00eb thyejn\u00eb bllokad\u00ebn shum\u00ebvje\u00e7are t\u00eb Izraelit ndaj Gaz\u00ebs. Izraeli ka vendosur bllokad\u00eb shkat\u00ebrruese n\u00eb Rripin e Gaz\u00ebs q\u00eb nga viti 2007, duke e l\u00ebn\u00eb popullsin\u00eb prej 2.4 milion\u00eb banor\u00ebsh t\u00eb territorit n\u00eb prag t\u00eb uris\u00eb.<\/p>\n<p>Ushtria izraelite nisi ofensiv\u00eb brutale dyvje\u00e7are n\u00eb Gaza n\u00eb tetor 2023, duke vrar\u00eb m\u00eb shum\u00eb se 72 mij\u00eb njer\u00ebz, duke plagosur mbi 172 mij\u00eb t\u00eb tjer\u00eb dhe duke shkaktuar shkat\u00ebrrime masive n\u00eb t\u00eb gjith\u00eb territorin e rrethuar.<\/p>\n<hr style=\"margin:30px 0\"\/>\n<p style=\"font-size:13px;color:#666\">Burimi: <strong>mesazhi<\/strong><\/p>\n","protected":false},"excerpt":{"rendered":"<p>Partia opozitare e majt\u00eb greke SYRIZA akuzoi sot qeverin\u00eb p\u00ebr bashk\u00ebpunim pasi Izraeli sulmoi nj\u00eb flotilje ndihmash p\u00ebr Gaz\u00ebn, duke e p\u00ebrshkruar at\u00eb si nj\u00eb &#8220;operacion piraterie t\u00eb paligjsh\u00ebm&#8221;, transmeton Anadolu. Duke iu referuar interceptimit q\u00eb ndodhi sot n\u00eb uj\u00ebrat nd\u00ebrkomb\u00ebtare vet\u00ebm pak milje larg uj\u00ebrave territoriale t\u00eb Greqis\u00eb, shefja e politik\u00ebs s\u00eb jashtme t\u00eb [&hellip;]<\/p>\n","protected":false},"author":1,"featured_media":108317,"comment_status":"open","ping_status":"open","sticky":false,"template":"","format":"standard","meta":{"footnotes":""},"categories":[24],"tags":[3803],"class_list":["post-108318","post","type-post","status-publish","format-standard","has-post-thumbnail","hentry","category-bote","tag-aktuale"],"_links":{"self":[{"href":"https:\/\/prizrenpost.com\/al\/wp-json\/wp\/v2\/posts\/108318","targetHints":{"allow":["GET"]}}],"collection":[{"href":"https:\/\/prizrenpost.com\/al\/wp-json\/wp\/v2\/posts"}],"about":[{"href":"https:\/\/prizrenpost.com\/al\/wp-json\/wp\/v2\/types\/post"}],"author":[{"embeddable":true,"href":"https:\/\/prizrenpost.com\/al\/wp-json\/wp\/v2\/users\/1"}],"replies":[{"embeddable":true,"href":"https:\/\/prizrenpost.com\/al\/wp-json\/wp\/v2\/comments?post=108318"}],"version-history":[{"count":0,"href":"https:\/\/prizrenpost.com\/al\/wp-json\/wp\/v2\/posts\/108318\/revisions"}],"wp:featuredmedia":[{"embeddable":true,"href":"https:\/\/prizrenpost.com\/al\/wp-json\/wp\/v2\/media\/108317"}],"wp:attachment":[{"href":"https:\/\/prizrenpost.com\/al\/wp-json\/wp\/v2\/media?parent=108318"}],"wp:term":[{"taxonomy":"category","embeddable":true,"href":"https:\/\/prizrenpost.com\/al\/wp-json\/wp\/v2\/categories?post=108318"},{"taxonomy":"post_tag","embeddable":true,"href":"https:\/\/prizrenpost.com\/al\/wp-json\/wp\/v2\/tags?post=108318"}],"curies":[{"name":"wp","href":"https:\/\/api.w.org\/{rel}","templated":true}]}}