{"id":108320,"date":"2026-04-30T17:45:19","date_gmt":"2026-04-30T14:45:19","guid":{"rendered":"https:\/\/prizrenpost.com\/al\/ish-shefi-i-mossad-it-krahason-dhunen-ne-bregun-perendimor-me-holokaustin-turp-qe-jam-hebre\/"},"modified":"2026-04-30T17:45:19","modified_gmt":"2026-04-30T14:45:19","slug":"ish-shefi-i-mossad-it-krahason-dhunen-ne-bregun-perendimor-me-holokaustin-turp-qe-jam-hebre","status":"publish","type":"post","link":"https:\/\/prizrenpost.com\/al\/ish-shefi-i-mossad-it-krahason-dhunen-ne-bregun-perendimor-me-holokaustin-turp-qe-jam-hebre\/","title":{"rendered":"Ish-Shefi i Mossad-it krahason dhun\u00ebn n\u00eb Bregun Per\u00ebndimor me Holokaustin: \u201cTurp q\u00eb jam hebre!\u201d"},"content":{"rendered":"<figure class=\"post-featured-image\"><img decoding=\"async\" src=\"https:\/\/prizrenpost.com\/al\/wp-content\/uploads\/2026\/04\/Tamir-Pardo.jpg\" alt=\"Ish-Shefi i Mossad-it krahason dhun\u00ebn n\u00eb Bregun Per\u00ebndimor me Holokaustin: \u201cTurp q\u00eb jam hebre!\u201d\"\/><\/figure>\n<p><em>Deklarimet e b\u00ebra virale nga nj\u00eb ish-sh\u00ebrb\u00ebtor i nj\u00eb shteti gjenocidal<\/em><\/p>\n<p>&nbsp;<\/p>\n<p>Ish-Shefi i Mossadit Tamir Pardo, gjat\u00eb nj\u00eb turneu q\u00eb hetonte dhun\u00ebn e kolon\u00ebve t\u00eb paligjsh\u00ebm n\u00eb Bregun Per\u00ebndimor t\u00eb pushtuar, krahasoi skenat q\u00eb ai pa me Holokaustin.<\/p>\n<p>Pardo ishte nj\u00eb gjeneral major n\u00eb ushtrin\u00eb izraelite dhe drejtor i agjencis\u00eb s\u00eb inteligjenc\u00ebs Mossad nga viti 2011 deri n\u00eb vitin 2016.<\/p>\n<div class=\"jeg_video_container jeg_video_content\"><\/div>\n<p><em>\u201cN\u00ebna ime i mbijetoi Holokaustit. Ajo q\u00eb pash\u00eb k\u00ebtu sot m\u00eb kujtoi ngjarjet q\u00eb ndodh\u00ebn n\u00eb shekullin e kaluar n\u00eb nj\u00eb vend shum\u00eb t\u00eb zhvilluar. K\u00ebto jan\u00eb fenomenet q\u00eb u pan\u00eb atje ndaj hebrenjve\u201d,<\/em>\u00a0tha Pardo gjat\u00eb nj\u00eb turneu n\u00eb fshatrat palestineze q\u00eb kan\u00eb qen\u00eb sh\u00ebnjest\u00ebr e sulmeve n\u00eb muajt e fundit.<\/p>\n<p><em>\u201cM\u00eb vjen turp q\u00eb jam hebre k\u00ebtu sot\u201d,<\/em>\u00a0shtoi ai.<\/p>\n<ul>\n<li>Pardo d\u00ebnoi dhun\u00ebn n\u00eb rritje nga kolon\u00ebt izraelit\u00eb kund\u00ebr palestinez\u00ebve, duke e p\u00ebrshkruar at\u00eb si nj\u00eb \u201c<em>k\u00ebrc\u00ebnim ekzistencial\u201d<\/em>\u00a0p\u00ebr shtetin, raporton Times of Israel.\u00a0<strong>\/tesheshi<\/strong><\/li>\n<\/ul>\n<hr style=\"margin:30px 0\"\/>\n<p style=\"font-size:13px;color:#666\">Burimi: <strong>mesazhi<\/strong><\/p>\n","protected":false},"excerpt":{"rendered":"<p>Deklarimet e b\u00ebra virale nga nj\u00eb ish-sh\u00ebrb\u00ebtor i nj\u00eb shteti gjenocidal &nbsp; Ish-Shefi i Mossadit Tamir Pardo, gjat\u00eb nj\u00eb turneu q\u00eb hetonte dhun\u00ebn e kolon\u00ebve t\u00eb paligjsh\u00ebm n\u00eb Bregun Per\u00ebndimor t\u00eb pushtuar, krahasoi skenat q\u00eb ai pa me Holokaustin. Pardo ishte nj\u00eb gjeneral major n\u00eb ushtrin\u00eb izraelite dhe drejtor i agjencis\u00eb s\u00eb inteligjenc\u00ebs Mossad nga [&hellip;]<\/p>\n","protected":false},"author":1,"featured_media":108319,"comment_status":"open","ping_status":"open","sticky":false,"template":"","format":"standard","meta":{"footnotes":""},"categories":[24],"tags":[3803],"class_list":["post-108320","post","type-post","status-publish","format-standard","has-post-thumbnail","hentry","category-bote","tag-aktuale"],"_links":{"self":[{"href":"https:\/\/prizrenpost.com\/al\/wp-json\/wp\/v2\/posts\/108320","targetHints":{"allow":["GET"]}}],"collection":[{"href":"https:\/\/prizrenpost.com\/al\/wp-json\/wp\/v2\/posts"}],"about":[{"href":"https:\/\/prizrenpost.com\/al\/wp-json\/wp\/v2\/types\/post"}],"author":[{"embeddable":true,"href":"https:\/\/prizrenpost.com\/al\/wp-json\/wp\/v2\/users\/1"}],"replies":[{"embeddable":true,"href":"https:\/\/prizrenpost.com\/al\/wp-json\/wp\/v2\/comments?post=108320"}],"version-history":[{"count":0,"href":"https:\/\/prizrenpost.com\/al\/wp-json\/wp\/v2\/posts\/108320\/revisions"}],"wp:featuredmedia":[{"embeddable":true,"href":"https:\/\/prizrenpost.com\/al\/wp-json\/wp\/v2\/media\/108319"}],"wp:attachment":[{"href":"https:\/\/prizrenpost.com\/al\/wp-json\/wp\/v2\/media?parent=108320"}],"wp:term":[{"taxonomy":"category","embeddable":true,"href":"https:\/\/prizrenpost.com\/al\/wp-json\/wp\/v2\/categories?post=108320"},{"taxonomy":"post_tag","embeddable":true,"href":"https:\/\/prizrenpost.com\/al\/wp-json\/wp\/v2\/tags?post=108320"}],"curies":[{"name":"wp","href":"https:\/\/api.w.org\/{rel}","templated":true}]}}