{"id":108324,"date":"2026-04-30T18:05:15","date_gmt":"2026-04-30T15:05:15","guid":{"rendered":"https:\/\/prizrenpost.com\/al\/izraeli-ndalon-gazetaren-spanjolle-per-komentet-mbi-gjenocidin-dhe-bojkotin\/"},"modified":"2026-04-30T18:05:15","modified_gmt":"2026-04-30T15:05:15","slug":"izraeli-ndalon-gazetaren-spanjolle-per-komentet-mbi-gjenocidin-dhe-bojkotin","status":"publish","type":"post","link":"https:\/\/prizrenpost.com\/al\/izraeli-ndalon-gazetaren-spanjolle-per-komentet-mbi-gjenocidin-dhe-bojkotin\/","title":{"rendered":"Izraeli ndalon gazetaren spanjolle p\u00ebr komentet mbi gjenocidin dhe bojkotin"},"content":{"rendered":"<figure class=\"post-featured-image\"><img decoding=\"async\" src=\"https:\/\/prizrenpost.com\/al\/wp-content\/uploads\/2026\/04\/Queralt-Castillo-Cerezuela.jpg\" alt=\"Izraeli ndalon gazetaren spanjolle p\u00ebr komentet mbi gjenocidin dhe bojkotin\"\/><\/figure>\n<p>Izraeli i ka ndaluar gazetares spanjolle, Queralt Castillo Cerezuela t\u00eb hyj\u00eb n\u00eb vend p\u00ebr shkak t\u00eb p\u00ebrdorimit t\u00eb saj t\u00eb termave t\u00eb till\u00eb si &#8220;gjenocid&#8221;, raportuan sot mediat spanjolle dhe izraelite, transmeton Anadolu.<\/p>\n<p>Ministria izraelite p\u00ebr \u00c7\u00ebshtjet e Diaspor\u00ebs dhe Luft\u00ebn kund\u00ebr Antisemitizmit rekomandoi bllokimin e hyrjes s\u00eb saj p\u00ebr shkak t\u00eb aktivitetit t\u00eb saj n\u00eb mediat sociale, p\u00ebrfshir\u00eb ndarjen e p\u00ebrmbajtjes nga L\u00ebvizja Bojkot, Shpron\u00ebsim dhe Sanksione (BDS), sipas nj\u00eb deklarate t\u00eb cituar nga agjencia spanjolle e lajmeve EFE.<\/p>\n<p>Ministria p\u00ebrmendi disa shembuj t\u00eb raportimit dhe aktivitetit t\u00eb saj online, p\u00ebrfshir\u00eb p\u00ebrdorimin e saj t\u00eb termave t\u00eb till\u00eb si &#8220;gjenocid&#8221;, &#8220;barbaritet&#8221; dhe &#8220;masak\u00ebr&#8221; p\u00ebr t\u00eb p\u00ebrshkruar fushat\u00ebn ushtarake t\u00eb Izraelit n\u00eb Gaza pas sulmeve t\u00eb 7 tetorit 2023.<\/p>\n<p>Castillo Cerezuela \u00ebsht\u00eb nj\u00eb gazetare spanjolle me baz\u00eb n\u00eb Greqi, q\u00eb mbulon politik\u00ebn nd\u00ebrkomb\u00ebtare, t\u00eb drejtat e njeriut dhe migracionin dhe ka kontribuar n\u00eb media si &#8220;El Diario&#8221; dhe &#8220;El Salto&#8221;.<\/p>\n<p>Ministri i \u00c7\u00ebshtjeve t\u00eb Diaspor\u00ebs, Amichai Chikli tha se ky veprim pasqyron nj\u00eb politik\u00eb m\u00eb t\u00eb gjer\u00eb t\u00eb mohimit t\u00eb hyrjes p\u00ebr individ\u00ebt q\u00eb konsiderohen armiq\u00ebsor\u00eb ndaj vendit. \u201cNe do t\u00eb vazhdojm\u00eb t\u00eb luftojm\u00eb antisemitizmin dhe mb\u00ebshtet\u00ebsit e BDS-s\u00eb\u201d, tha ai n\u00eb deklarat\u00eb duke shtuar se \u201cSpanja \u00ebsht\u00eb nj\u00eb qend\u00ebr e fuqishme e antisemitizmit\u201d.<\/p>\n<p>Llogarit\u00eb n\u00eb mediat sociale t\u00eb Castillo Cerezuel\u00ebs duket se jan\u00eb fshir\u00eb.<\/p>\n<p>K\u00ebt\u00eb vit, Ministria p\u00ebr \u00c7\u00ebshtjet e Diaspor\u00ebs dhe Luft\u00ebn Kund\u00ebr Antisemitizmit ka ndaluar dhjet\u00ebra figura t\u00eb larta turke p\u00ebr arsye t\u00eb ngjashme dhe ka nd\u00ebrmarr\u00eb hapa p\u00ebr t\u00eb ndaluar hyrjen n\u00eb vend t\u00eb gruas s\u00eb kryetarit t\u00eb bashkis\u00eb s\u00eb Nju Jorkut, Zohran Mamdani, Rama Duwaji, p\u00ebr shkak t\u00eb aktivitetit t\u00eb saj pro-palestinez n\u00eb mediat sociale.<\/p>\n<hr style=\"margin:30px 0\"\/>\n<p style=\"font-size:13px;color:#666\">Burimi: <strong>mesazhi<\/strong><\/p>\n","protected":false},"excerpt":{"rendered":"<p>Izraeli i ka ndaluar gazetares spanjolle, Queralt Castillo Cerezuela t\u00eb hyj\u00eb n\u00eb vend p\u00ebr shkak t\u00eb p\u00ebrdorimit t\u00eb saj t\u00eb termave t\u00eb till\u00eb si &#8220;gjenocid&#8221;, raportuan sot mediat spanjolle dhe izraelite, transmeton Anadolu. Ministria izraelite p\u00ebr \u00c7\u00ebshtjet e Diaspor\u00ebs dhe Luft\u00ebn kund\u00ebr Antisemitizmit rekomandoi bllokimin e hyrjes s\u00eb saj p\u00ebr shkak t\u00eb aktivitetit t\u00eb saj [&hellip;]<\/p>\n","protected":false},"author":1,"featured_media":108323,"comment_status":"open","ping_status":"open","sticky":false,"template":"","format":"standard","meta":{"footnotes":""},"categories":[24],"tags":[3803],"class_list":["post-108324","post","type-post","status-publish","format-standard","has-post-thumbnail","hentry","category-bote","tag-aktuale"],"_links":{"self":[{"href":"https:\/\/prizrenpost.com\/al\/wp-json\/wp\/v2\/posts\/108324","targetHints":{"allow":["GET"]}}],"collection":[{"href":"https:\/\/prizrenpost.com\/al\/wp-json\/wp\/v2\/posts"}],"about":[{"href":"https:\/\/prizrenpost.com\/al\/wp-json\/wp\/v2\/types\/post"}],"author":[{"embeddable":true,"href":"https:\/\/prizrenpost.com\/al\/wp-json\/wp\/v2\/users\/1"}],"replies":[{"embeddable":true,"href":"https:\/\/prizrenpost.com\/al\/wp-json\/wp\/v2\/comments?post=108324"}],"version-history":[{"count":0,"href":"https:\/\/prizrenpost.com\/al\/wp-json\/wp\/v2\/posts\/108324\/revisions"}],"wp:featuredmedia":[{"embeddable":true,"href":"https:\/\/prizrenpost.com\/al\/wp-json\/wp\/v2\/media\/108323"}],"wp:attachment":[{"href":"https:\/\/prizrenpost.com\/al\/wp-json\/wp\/v2\/media?parent=108324"}],"wp:term":[{"taxonomy":"category","embeddable":true,"href":"https:\/\/prizrenpost.com\/al\/wp-json\/wp\/v2\/categories?post=108324"},{"taxonomy":"post_tag","embeddable":true,"href":"https:\/\/prizrenpost.com\/al\/wp-json\/wp\/v2\/tags?post=108324"}],"curies":[{"name":"wp","href":"https:\/\/api.w.org\/{rel}","templated":true}]}}